{"id":59695,"date":"2025-03-16T18:30:13","date_gmt":"2025-03-16T21:30:13","guid":{"rendered":"https:\/\/infovera.com.ar\/web\/?p=59695"},"modified":"2025-03-16T18:55:16","modified_gmt":"2025-03-16T21:55:16","slug":"primera-batalla-de-barberos-en-calchaqui","status":"publish","type":"post","link":"https:\/\/infovera.com.ar\/web\/2025\/03\/16\/primera-batalla-de-barberos-en-calchaqui\/","title":{"rendered":"Primera Batalla de Barberos en Calchaqu\u00ed"},"content":{"rendered":"<p>Los ganadores.<\/p>\n<p><strong>Categor\u00eda Mid Sking Fade<\/strong><br \/>\nCampe\u00f3n Emiliano Ojeda<br \/>\nSubcampe\u00f3n Dani Ben\u00edtez<\/p>\n<p><strong>Categor\u00eda Freestyle<\/strong><br \/>\nCampe\u00f3n Camilo Ag\u00fcero<br \/>\nSubcampe\u00f3n Joni Nu\u00f1ez<\/p>\n<p><strong>Categor\u00eda Low Fade<\/strong><br \/>\nCampe\u00f3n Emiliano Ojeda<br \/>\nSubcampe\u00f3n Leonel Bhe<\/p>\n<p>La Municipalidad de Calchaqu\u00ed agradeci\u00f3 a &#8220;todos los participantes, a Tom\u00e1s y Mat\u00edas Redigonda por la organizaci\u00f3n y a Leo Muga por ser jurado&#8221;.<\/p>\n","protected":false},"excerpt":{"rendered":"<p>Los ganadores. Categor\u00eda Mid Sking Fade Campe\u00f3n Emiliano Ojeda Subcampe\u00f3n Dani Ben\u00edtez Categor\u00eda Freestyle Campe\u00f3n Camilo Ag\u00fcero Subcampe\u00f3n Joni Nu\u00f1ez Categor\u00eda Low Fade Campe\u00f3n Emiliano Ojeda Subcampe\u00f3n Leonel Bhe La Municipalidad de Calchaqu\u00ed agradeci\u00f3 a &#8220;todos los participantes, a Tom\u00e1s y Mat\u00edas Redigonda por la organizaci\u00f3n y a Leo Muga por ser jurado&#8221;.<\/p>\n","protected":false},"author":3,"featured_media":59696,"comment_status":"closed","ping_status":"closed","sticky":false,"template":"","format":"standard","meta":{"_joinchat":[],"footnotes":""},"categories":[52],"tags":[],"class_list":{"0":"post-59695","1":"post","2":"type-post","3":"status-publish","4":"format-standard","5":"has-post-thumbnail","7":"category-calchaqui"},"_links":{"self":[{"href":"https:\/\/infovera.com.ar\/web\/wp-json\/wp\/v2\/posts\/59695","targetHints":{"allow":["GET"]}}],"collection":[{"href":"https:\/\/infovera.com.ar\/web\/wp-json\/wp\/v2\/posts"}],"about":[{"href":"https:\/\/infovera.com.ar\/web\/wp-json\/wp\/v2\/types\/post"}],"author":[{"embeddable":true,"href":"https:\/\/infovera.com.ar\/web\/wp-json\/wp\/v2\/users\/3"}],"replies":[{"embeddable":true,"href":"https:\/\/infovera.com.ar\/web\/wp-json\/wp\/v2\/comments?post=59695"}],"version-history":[{"count":0,"href":"https:\/\/infovera.com.ar\/web\/wp-json\/wp\/v2\/posts\/59695\/revisions"}],"wp:featuredmedia":[{"embeddable":true,"href":"https:\/\/infovera.com.ar\/web\/wp-json\/wp\/v2\/media\/59696"}],"wp:attachment":[{"href":"https:\/\/infovera.com.ar\/web\/wp-json\/wp\/v2\/media?parent=59695"}],"wp:term":[{"taxonomy":"category","embeddable":true,"href":"https:\/\/infovera.com.ar\/web\/wp-json\/wp\/v2\/categories?post=59695"},{"taxonomy":"post_tag","embeddable":true,"href":"https:\/\/infovera.com.ar\/web\/wp-json\/wp\/v2\/tags?post=59695"}],"curies":[{"name":"wp","href":"https:\/\/api.w.org\/{rel}","templated":true}]}}