{"id":59632,"date":"2025-03-13T11:24:31","date_gmt":"2025-03-13T14:24:31","guid":{"rendered":"https:\/\/infovera.com.ar\/web\/?p=59632"},"modified":"2025-03-14T12:12:02","modified_gmt":"2025-03-14T15:12:02","slug":"construyen-un-memorial-para-las-victimas-del-covid-19-en-calchaqui","status":"publish","type":"post","link":"https:\/\/infovera.com.ar\/web\/2025\/03\/13\/construyen-un-memorial-para-las-victimas-del-covid-19-en-calchaqui\/","title":{"rendered":"Construyen un Memorial para las v\u00edctimas del Covid 19 en Calchaqu\u00ed"},"content":{"rendered":"<p>El martes 11 de marzo se llev\u00f3 adelante la inauguraci\u00f3n de un espacio destinado a recordar a las personas fallecidas por Covid19, en Sargento Cabral y Dora Mussi.<\/p>\n<p>Familiares y amigos colocaron piedras con el nombres de las v\u00edctimas, con el objetivo de visibilizar a sus fallecidos, rindi\u00e9ndoles un homenaje colectivo.<\/p>\n<p>El 11 de marzo es la fecha establecida por la OMS como recordatoria de las personas fallecidas por Covid 19.<\/p>\n<p>Fuente: Revista Rescatados<\/p>\n","protected":false},"excerpt":{"rendered":"<p>El martes 11 de marzo se llev\u00f3 adelante la inauguraci\u00f3n de un espacio destinado a recordar a las personas fallecidas por Covid19, en Sargento Cabral y Dora Mussi. Familiares y amigos colocaron piedras con el nombres de las v\u00edctimas, con el objetivo de visibilizar a sus fallecidos, rindi\u00e9ndoles un homenaje colectivo. El 11 de marzo [&hellip;]<\/p>\n","protected":false},"author":3,"featured_media":59633,"comment_status":"closed","ping_status":"closed","sticky":false,"template":"","format":"standard","meta":{"_joinchat":[],"footnotes":""},"categories":[52],"tags":[],"class_list":{"0":"post-59632","1":"post","2":"type-post","3":"status-publish","4":"format-standard","5":"has-post-thumbnail","7":"category-calchaqui"},"_links":{"self":[{"href":"https:\/\/infovera.com.ar\/web\/wp-json\/wp\/v2\/posts\/59632","targetHints":{"allow":["GET"]}}],"collection":[{"href":"https:\/\/infovera.com.ar\/web\/wp-json\/wp\/v2\/posts"}],"about":[{"href":"https:\/\/infovera.com.ar\/web\/wp-json\/wp\/v2\/types\/post"}],"author":[{"embeddable":true,"href":"https:\/\/infovera.com.ar\/web\/wp-json\/wp\/v2\/users\/3"}],"replies":[{"embeddable":true,"href":"https:\/\/infovera.com.ar\/web\/wp-json\/wp\/v2\/comments?post=59632"}],"version-history":[{"count":0,"href":"https:\/\/infovera.com.ar\/web\/wp-json\/wp\/v2\/posts\/59632\/revisions"}],"wp:featuredmedia":[{"embeddable":true,"href":"https:\/\/infovera.com.ar\/web\/wp-json\/wp\/v2\/media\/59633"}],"wp:attachment":[{"href":"https:\/\/infovera.com.ar\/web\/wp-json\/wp\/v2\/media?parent=59632"}],"wp:term":[{"taxonomy":"category","embeddable":true,"href":"https:\/\/infovera.com.ar\/web\/wp-json\/wp\/v2\/categories?post=59632"},{"taxonomy":"post_tag","embeddable":true,"href":"https:\/\/infovera.com.ar\/web\/wp-json\/wp\/v2\/tags?post=59632"}],"curies":[{"name":"wp","href":"https:\/\/api.w.org\/{rel}","templated":true}]}}