{"id":59567,"date":"2025-03-11T13:14:55","date_gmt":"2025-03-11T16:14:55","guid":{"rendered":"https:\/\/infovera.com.ar\/web\/?p=59567"},"modified":"2025-03-11T21:23:02","modified_gmt":"2025-03-12T00:23:02","slug":"la-justicia-federal-hizo-lugar-a-un-recurso-de-amparo-por-el-estado-de-la-ruta-11","status":"publish","type":"post","link":"https:\/\/infovera.com.ar\/web\/2025\/03\/11\/la-justicia-federal-hizo-lugar-a-un-recurso-de-amparo-por-el-estado-de-la-ruta-11\/","title":{"rendered":"La justicia federal hizo lugar a un recurso de amparo por el estado de la Ruta 11"},"content":{"rendered":"<p>En una resoluci\u00f3n fechada el 11 de marzo, el juez federal de Reconquista, Aldo Alurralde, resolvi\u00f3 hacer lugar a un recurso de amparo originado en el estado de cuasi abandono en que se encuentra la Ruta 11, especialmente en el tramo Vera &#8211; Reconquista.<\/p>\n<p>El magistrado decidi\u00f3 imponer a Vialidad Nacional la \u201cobligaci\u00f3n de reparar por s\u00ed o por terceros la Ruta Nacional N\u00b0 11 en el tramo indicado\u201d que se corresponde con los l\u00edmites de los departamentos Vera, San Javier y General Obligado y que identifican el kil\u00f3metro 665 -en el extremo sur- y el 931 -en el extremo norte- que se corresponde con el \u201cParalelo 28 sur\u201d, debiendo \u201cverificar y controlar bajo su propia cuenta y riesgo el \u00f3ptimo estado del tramo de la carretera aludida con el fin de garantizar la vida y la seguridad de los dem\u00e1s usuarios de la misma\u201d.<\/p>\n<p>En decisorio de 12 carillas, el Dr. Alurralde otorg\u00f3 para la reparaci\u00f3n total y adecuada de la v\u00eda nacional un plazo de ejecuci\u00f3n que expirar\u00e1 el 28 de abril pr\u00f3ximo, \u00a0fecha en la cual se encuentra prevista la culminaci\u00f3n de las obras de un tramo mucho mayor de dicha arteria y que se compadece con la finalizci\u00f3n de un contrato en vigencia.<\/p>\n<p>Asimismo, \u00a0impuso al Presidente del Directorio de VN el deber de aportar en forma bimestral el informe que elabore el \u201cIngeniero Jefe\u201d conforme lo dispone el art. 10 del Decreto-Ley N\u00b0 505, sobre el tramo de ruta referido, debiendo incluir el estado de avance en la concreci\u00f3n de la obra.<\/p>\n<p>En otro punto, el juez condicion\u00f3 a los apoderados del organismo vial nacional con el deber de informar, en un plazo de 72 horas, los datos filiatorios de los funcionarios y\/o empleados que &#8220;se encuentren a cargo de cumplir y\/o hacer cumplir las disposiciones del presente apartado, las que tienen como finalidad primordial la protecci\u00f3n de usuarios, transe\u00fantes y residentes de la Ruta Nacional N\u00ba 11 en el tramo motivo del presente amparo.<\/p>\n<p>Tras imponer los costos a VN, regul\u00f3 los honorarios profesionales de la abogada patrocinante del peticionante en 2.125.952 pesos.<\/p>\n<p><strong>Control estricto y plazos inamovibles<\/strong><\/p>\n<p>Conocida la novedad, el diputado provincial Dionisio Scarpin, impulsor de la medida judicial de amparo ante la indolente postura del gobierno nacional, que de desentendi\u00f3 del estado de la R11, subray\u00f3 que \u201cla justicia federal dict\u00f3 un fallo hist\u00f3rico sobre la Ruta 11&#8243;, en el cual \u201creafirm\u00f3 que el Estado es el \u00fanico responsable de garantizar la seguridad vial en esta traza\u201d.<\/p>\n<p>El fallo descarta cualquier posibilidad de nuevas pr\u00f3rrogas y establece un estricto mecanismo de control judicial para evitar dilaciones. &#8220;Este fallo es una victoria para todos los que transitamos la Ruta 11 y sufrimos su deterioro. Los trabajos deben realizarse dentro de los plazos fijados y bajo supervisi\u00f3n judicial. No vamos a aceptar m\u00e1s excusas ni demoras\u201d, expres\u00f3 Scarpin.<\/p>\n<p>&#8220;El seguimiento judicial es clave para evitar que esto se convierta en otra promesa incumplida. Los productores y los vecinos necesitamos rutas seguras y no podemos esperar m\u00e1s\u201d, enfatiz\u00f3 el legislador.<\/p>\n<p>Adem\u00e1s, la sentencia ratifica que la responsabilidad del mantenimiento y la seguridad vial de la Ruta 11 recae exclusivamente en el Estado nacional, independientemente del contrato vigente con la empresa COINGSA S.A, por ende &#8220;desestima el argumento de la DNV de que la obligaci\u00f3n reca\u00eda en la firma contratista. El Estado no puede lavarse las manos ni culpar a terceros. M\u00e1s all\u00e1 del contrato con una empresa, sigue siendo el \u00fanico responsable de garantizar la seguridad de quienes transitamos esta ruta. Vamos a seguir de cerca cada paso para que esta obra se haga en tiempo y forma\u201d, advirti\u00f3 Dionisio Scarpin.<\/p>\n<p><strong>Precedente<\/strong><\/p>\n<p>Si bien la Justicia rechaz\u00f3 el pedido de reconstrucci\u00f3n total de la ruta, reconoci\u00f3 que las obras en marcha son \u201curgentes e impostergables\u201d en base a la documentaci\u00f3n presentada por la propia Vialidad Nacional, que desde 2022 admite el avanzado deterioro de la calzada y la necesidad de una intervenci\u00f3n inmediata, cit\u00f3 el diputado. &#8220;Este fallo deja en claro que la Ruta 11 no puede esperar. La justicia nos dio la raz\u00f3n y dej\u00f3 asentado que las reparaciones son necesarias e ineludibles. Es un paso importante, pero la lucha sigue: queremos que toda la traza reciba la atenci\u00f3n que merece y deje de ser un peligro constante para quienes vivimos y producimos en el norte de la provincia\u201d, concluy\u00f3 Scarpin.<\/p>\n","protected":false},"excerpt":{"rendered":"<p>En una resoluci\u00f3n fechada el 11 de marzo, el juez federal de Reconquista, Aldo Alurralde, resolvi\u00f3 hacer lugar a un recurso de amparo originado en el estado de cuasi abandono en que se encuentra la Ruta 11, especialmente en el tramo Vera &#8211; Reconquista. El magistrado decidi\u00f3 imponer a Vialidad Nacional la \u201cobligaci\u00f3n de reparar [&hellip;]<\/p>\n","protected":false},"author":3,"featured_media":55139,"comment_status":"closed","ping_status":"closed","sticky":false,"template":"","format":"standard","meta":{"_joinchat":[],"footnotes":""},"categories":[61],"tags":[],"class_list":{"0":"post-59567","1":"post","2":"type-post","3":"status-publish","4":"format-standard","5":"has-post-thumbnail","7":"category-regionales"},"_links":{"self":[{"href":"https:\/\/infovera.com.ar\/web\/wp-json\/wp\/v2\/posts\/59567","targetHints":{"allow":["GET"]}}],"collection":[{"href":"https:\/\/infovera.com.ar\/web\/wp-json\/wp\/v2\/posts"}],"about":[{"href":"https:\/\/infovera.com.ar\/web\/wp-json\/wp\/v2\/types\/post"}],"author":[{"embeddable":true,"href":"https:\/\/infovera.com.ar\/web\/wp-json\/wp\/v2\/users\/3"}],"replies":[{"embeddable":true,"href":"https:\/\/infovera.com.ar\/web\/wp-json\/wp\/v2\/comments?post=59567"}],"version-history":[{"count":0,"href":"https:\/\/infovera.com.ar\/web\/wp-json\/wp\/v2\/posts\/59567\/revisions"}],"wp:featuredmedia":[{"embeddable":true,"href":"https:\/\/infovera.com.ar\/web\/wp-json\/wp\/v2\/media\/55139"}],"wp:attachment":[{"href":"https:\/\/infovera.com.ar\/web\/wp-json\/wp\/v2\/media?parent=59567"}],"wp:term":[{"taxonomy":"category","embeddable":true,"href":"https:\/\/infovera.com.ar\/web\/wp-json\/wp\/v2\/categories?post=59567"},{"taxonomy":"post_tag","embeddable":true,"href":"https:\/\/infovera.com.ar\/web\/wp-json\/wp\/v2\/tags?post=59567"}],"curies":[{"name":"wp","href":"https:\/\/api.w.org\/{rel}","templated":true}]}}