{"id":59556,"date":"2025-03-11T08:46:51","date_gmt":"2025-03-11T11:46:51","guid":{"rendered":"https:\/\/infovera.com.ar\/web\/?p=59556"},"modified":"2025-03-11T13:15:35","modified_gmt":"2025-03-11T16:15:35","slug":"inscripciones-abiertas-para-los-talleres-2025-de-upcn-vera","status":"publish","type":"post","link":"https:\/\/infovera.com.ar\/web\/2025\/03\/11\/inscripciones-abiertas-para-los-talleres-2025-de-upcn-vera\/","title":{"rendered":"Inscripciones abiertas para los talleres 2025 de UPCN Vera"},"content":{"rendered":"<p>UPCN Vera abri\u00f3 la inscripciones para los siguientes cursos con salida laboral que se dictar\u00e1n en su sede:<\/p>\n<p>cocina express, panader\u00eda y pasteler\u00eda, operador office avanzado, excel full, secretariado administrativo, redes sociales y marketing digital, costura inicial y moderna, peluquer\u00eda y barber\u00eda masculina, masajes descontracturantes y relajantes, manicur\u00eda integral, cejas y pesta\u00f1as, electricidad domiciliaria.<\/p>\n<p>Para m\u00e1s info los interesados pueden dirigirse a la Delegaci\u00f3n Vera, en San Mart\u00edn 1343 de Vera, de lunes a jueves de 8:30 a 12, o al tel\u00e9fono 03483 422 172.<\/p>\n<div style=\"width: 480px;\" class=\"wp-video\"><video class=\"wp-video-shortcode\" id=\"video-59556-1\" width=\"480\" height=\"864\" preload=\"metadata\" controls=\"controls\"><source type=\"video\/mp4\" src=\"https:\/\/infovera.com.ar\/web\/wp-content\/uploads\/2025\/03\/WhatsApp-Video-2025-03-10-at-11.17.01-PM.mp4?_=1\" \/><a href=\"https:\/\/infovera.com.ar\/web\/wp-content\/uploads\/2025\/03\/WhatsApp-Video-2025-03-10-at-11.17.01-PM.mp4\">https:\/\/infovera.com.ar\/web\/wp-content\/uploads\/2025\/03\/WhatsApp-Video-2025-03-10-at-11.17.01-PM.mp4<\/a><\/video><\/div>\n","protected":false},"excerpt":{"rendered":"<p>UPCN Vera abri\u00f3 la inscripciones para los siguientes cursos con salida laboral que se dictar\u00e1n en su sede: cocina express, panader\u00eda y pasteler\u00eda, operador office avanzado, excel full, secretariado administrativo, redes sociales y marketing digital, costura inicial y moderna, peluquer\u00eda y barber\u00eda masculina, masajes descontracturantes y relajantes, manicur\u00eda integral, cejas y pesta\u00f1as, electricidad domiciliaria. Para [&hellip;]<\/p>\n","protected":false},"author":3,"featured_media":59557,"comment_status":"closed","ping_status":"closed","sticky":false,"template":"","format":"standard","meta":{"_joinchat":[],"footnotes":""},"categories":[53],"tags":[],"class_list":{"0":"post-59556","1":"post","2":"type-post","3":"status-publish","4":"format-standard","5":"has-post-thumbnail","7":"category-vera"},"_links":{"self":[{"href":"https:\/\/infovera.com.ar\/web\/wp-json\/wp\/v2\/posts\/59556","targetHints":{"allow":["GET"]}}],"collection":[{"href":"https:\/\/infovera.com.ar\/web\/wp-json\/wp\/v2\/posts"}],"about":[{"href":"https:\/\/infovera.com.ar\/web\/wp-json\/wp\/v2\/types\/post"}],"author":[{"embeddable":true,"href":"https:\/\/infovera.com.ar\/web\/wp-json\/wp\/v2\/users\/3"}],"replies":[{"embeddable":true,"href":"https:\/\/infovera.com.ar\/web\/wp-json\/wp\/v2\/comments?post=59556"}],"version-history":[{"count":0,"href":"https:\/\/infovera.com.ar\/web\/wp-json\/wp\/v2\/posts\/59556\/revisions"}],"wp:featuredmedia":[{"embeddable":true,"href":"https:\/\/infovera.com.ar\/web\/wp-json\/wp\/v2\/media\/59557"}],"wp:attachment":[{"href":"https:\/\/infovera.com.ar\/web\/wp-json\/wp\/v2\/media?parent=59556"}],"wp:term":[{"taxonomy":"category","embeddable":true,"href":"https:\/\/infovera.com.ar\/web\/wp-json\/wp\/v2\/categories?post=59556"},{"taxonomy":"post_tag","embeddable":true,"href":"https:\/\/infovera.com.ar\/web\/wp-json\/wp\/v2\/tags?post=59556"}],"curies":[{"name":"wp","href":"https:\/\/api.w.org\/{rel}","templated":true}]}}