{"id":59522,"date":"2025-03-10T10:40:36","date_gmt":"2025-03-10T13:40:36","guid":{"rendered":"https:\/\/infovera.com.ar\/web\/?p=59522"},"modified":"2025-03-10T17:28:46","modified_gmt":"2025-03-10T20:28:46","slug":"son-3-500-las-personas-que-pujaran-en-la-primera-subasta-del-2025-de-bienes-incautados-al-delito-por-la-provincia","status":"publish","type":"post","link":"https:\/\/infovera.com.ar\/web\/2025\/03\/10\/son-3-500-las-personas-que-pujaran-en-la-primera-subasta-del-2025-de-bienes-incautados-al-delito-por-la-provincia\/","title":{"rendered":"Son 3.500 las personas que pujar\u00e1n en la primera subasta del 2025 de bienes incautados al delito por la Provincia"},"content":{"rendered":"<p>Los anotados pertenecen a 20 jurisdicciones del pa\u00eds. El remate ser\u00e1 el pr\u00f3ximo s\u00e1bado 15 en Rosario. \u201cSer\u00e1 la subasta m\u00e1s grande de la historia desde que se realizan\u201d, destacaron desde la Agencia Provincial de Registro, Administraci\u00f3n y Destino de bienes y Derechos Patrimoniales. Hay 109 veh\u00edculos; 2 motos de agua; una casa rodante; 2 lotes con materiales de construcci\u00f3n y 3 inmuebles en el barrio privado Puerto Rold\u00e1n.<\/p>\n<p>Un total de 3.500 personas de 20 jurisdicciones del pa\u00eds se inscribieron para participar de la primera subasta del 2025 de bienes incautados al delito, que tendr\u00e1 lugar el pr\u00f3ximo s\u00e1bado 15 de marzo a las 12.30, en el Sal\u00f3n Metropolitano de Rosario (Jun\u00edn 501).<br \/>\nEste remate tiene la particularidad de ser el m\u00e1s grande de la historia de la Agencia Provincial de Registro, Administraci\u00f3n y Destino de bienes y Derechos Patrimoniales (Aprad) por la cantidad de lotes que se ofrecen: 109 veh\u00edculos; 2 motos de agua; una casa rodante; 2 lotes con materiales de construcci\u00f3n y 3 inmuebles en el barrio privado Puerto Rold\u00e1n.<\/p>\n<p>Quienes participar\u00e1n de la subasta debieron inscribirse previamente. El plazo finaliz\u00f3 el viernes 7 de marzo a las 23.59. La Provincia public\u00f3 los lotes de veh\u00edculos, inmuebles y materiales que se subastan y el precio de valor base con el cual empieza la puja. Todos los bienes comenzar\u00e1n la puja con un valor de hasta 70 % por debajo de los precios de mercado: \u201cEs la primera subasta del a\u00f1o, la tercera de la gesti\u00f3n del gobernador Maximiliano Pullaro y ser\u00e1 el remate m\u00e1s grande de la historia desde que creamos la Aprad\u201d, resalt\u00f3 el secretario de Gesti\u00f3n de Registros Provinciales del Ministerio de Gobierno e Innovaci\u00f3n P\u00fablica, Mat\u00edas Figueroa Escauriza.<\/p>\n<p>Registro, requisitos y seguridad<\/p>\n<p>Los que participan de la subasta cumplieron previamente con el requisito obligatorio de completar la inscripci\u00f3n online, ya que todos los datos de las personas interesadas se cruzan con el Ministerio de Seguridad y con la Polic\u00eda de Investigaciones para corroborar que no tengan ninguna vinculaci\u00f3n con organizaciones criminales. \u201cHacemos un cruzamiento de datos de los inscriptos para corroborar que no tengan ninguna vinculaci\u00f3n con las organizaciones criminales a las cuales nosotros les quitamos los bienes\u201d, se\u00f1al\u00f3 en este punto Figueroa Escauriza.<\/p>\n<p>\u201cAdem\u00e1s, si est\u00e1n interesados en ver las casas, los inscriptos, tienen que coordinar d\u00eda y horario para poder visitarlas. Y la exhibici\u00f3n de los veh\u00edculos ser\u00e1 el viernes 14 y el s\u00e1bado 15 de marzo por la ma\u00f1ana, para que puedan verlos con mec\u00e1nicos, para despejar dudas\u201d, agreg\u00f3.<\/p>\n<p>Cabe se\u00f1alar que la Provincia garantiza el bloqueo de dominio de los veh\u00edculos, un dato importante para dar tranquilidad a la ciudadan\u00eda que se quiera inscribir y que quiera participar de la subasta. En este sentido, se cambian las patentes de los veh\u00edculos asign\u00e1ndoles un dominio totalmente diferente anulando la vinculaci\u00f3n con el anterior titular registral. \u201cTodos estos veh\u00edculos ya vienen con documentaci\u00f3n limpia\u201d, asegur\u00f3 el funcionario, quien a su vez indic\u00f3 que \u201cquien compra estos veh\u00edculos no tiene ninguna vinculaci\u00f3n con la organizaci\u00f3n criminal a la que le quitamos los bienes. Tiene una nueva chapa patente, un nuevo dominio, no tiene vinculaci\u00f3n con los due\u00f1os anteriores. Lo mismo con las propiedades\u201d, sum\u00f3.<\/p>\n<p>Adem\u00e1s, indic\u00f3 que \u201chicimos un tr\u00e1mite nuevo en el registro de la propiedad inmueble para que quien compre las propiedades que vamos a subastar tenga una matr\u00edcula en folio real nuevo, donde va a figurar como primer comprador y no tiene vinculaci\u00f3n registral con los anteriores due\u00f1os a quienes decomisamos los bienes. Obviamente las propiedades no las podemos mover de donde est\u00e1n, pero s\u00ed todo lo administrativo lo cambiamos para dar esta mayor seguridad a quienes participan en la subasta\u201d.<\/p>\n<p>Destino de los fondos<\/p>\n<p>Los fondos recaudados en la subasta tienen tres finalidades. En primer lugar, autofinanciar la Aprad, que es un ente aut\u00e1rquico. Segundo, aplicar el dinero en pol\u00edticas de seguridad. Tercero, resarcir a las v\u00edctimas, destinar fondos a pol\u00edtica social, como donaciones a instituciones, escuelas, clubes de barrios, hogares, etc. El objetivo es que ese dinero vuelva a la sociedad.<\/p>\n<p>Cabe recordar que, durante el primer a\u00f1o de la gesti\u00f3n del gobernador Maximiliano Pullaro, se realizaron dos remates organizados por la Aprad. Esas subastas fueron organizadas, una en Rosario y otra en Santa Fe, en las que se recaudaron $ 1.124 millones de pesos.<\/p>\n","protected":false},"excerpt":{"rendered":"<p>Los anotados pertenecen a 20 jurisdicciones del pa\u00eds. El remate ser\u00e1 el pr\u00f3ximo s\u00e1bado 15 en Rosario. \u201cSer\u00e1 la subasta m\u00e1s grande de la historia desde que se realizan\u201d, destacaron desde la Agencia Provincial de Registro, Administraci\u00f3n y Destino de bienes y Derechos Patrimoniales. Hay 109 veh\u00edculos; 2 motos de agua; una casa rodante; 2 [&hellip;]<\/p>\n","protected":false},"author":3,"featured_media":59523,"comment_status":"closed","ping_status":"closed","sticky":false,"template":"","format":"standard","meta":{"_joinchat":[],"footnotes":""},"categories":[60],"tags":[],"class_list":{"0":"post-59522","1":"post","2":"type-post","3":"status-publish","4":"format-standard","5":"has-post-thumbnail","7":"category-provinciales"},"_links":{"self":[{"href":"https:\/\/infovera.com.ar\/web\/wp-json\/wp\/v2\/posts\/59522","targetHints":{"allow":["GET"]}}],"collection":[{"href":"https:\/\/infovera.com.ar\/web\/wp-json\/wp\/v2\/posts"}],"about":[{"href":"https:\/\/infovera.com.ar\/web\/wp-json\/wp\/v2\/types\/post"}],"author":[{"embeddable":true,"href":"https:\/\/infovera.com.ar\/web\/wp-json\/wp\/v2\/users\/3"}],"replies":[{"embeddable":true,"href":"https:\/\/infovera.com.ar\/web\/wp-json\/wp\/v2\/comments?post=59522"}],"version-history":[{"count":0,"href":"https:\/\/infovera.com.ar\/web\/wp-json\/wp\/v2\/posts\/59522\/revisions"}],"wp:featuredmedia":[{"embeddable":true,"href":"https:\/\/infovera.com.ar\/web\/wp-json\/wp\/v2\/media\/59523"}],"wp:attachment":[{"href":"https:\/\/infovera.com.ar\/web\/wp-json\/wp\/v2\/media?parent=59522"}],"wp:term":[{"taxonomy":"category","embeddable":true,"href":"https:\/\/infovera.com.ar\/web\/wp-json\/wp\/v2\/categories?post=59522"},{"taxonomy":"post_tag","embeddable":true,"href":"https:\/\/infovera.com.ar\/web\/wp-json\/wp\/v2\/tags?post=59522"}],"curies":[{"name":"wp","href":"https:\/\/api.w.org\/{rel}","templated":true}]}}