{"id":59520,"date":"2025-03-10T10:34:32","date_gmt":"2025-03-10T13:34:32","guid":{"rendered":"https:\/\/infovera.com.ar\/web\/?p=59520"},"modified":"2025-03-10T17:29:47","modified_gmt":"2025-03-10T20:29:47","slug":"a-pesar-de-las-pruebas-fehacientes-a-casi-un-mes-del-abigeato-de-9-vaquillas-no-hay-detenidos","status":"publish","type":"post","link":"https:\/\/infovera.com.ar\/web\/2025\/03\/10\/a-pesar-de-las-pruebas-fehacientes-a-casi-un-mes-del-abigeato-de-9-vaquillas-no-hay-detenidos\/","title":{"rendered":"A pesar de las pruebas fehacientes, a casi un mes del abigeato de 9 vaquillas no hay detenidos"},"content":{"rendered":"<p>La firma damnificada es la ganadera Los Moros. El titular de la firma estim\u00f3 el da\u00f1o en 6 millones de pesos. El due\u00f1o de otro campo hab\u00eda comprado los animales a otro productor, que adulter\u00f3 marcas y se\u00f1ales. La causa no tuvo avances y los implicados siguen en libertad.<\/p>\n<p>Hace m\u00e1s de una semana, Nicol\u00e1s Gabriel denunci\u00f3 que un pe\u00f3n de su campo hall\u00f3 9 animales vacunos en otro establecimiento, con marcas y se\u00f1ales adulteradas.<\/p>\n<p>Este contador de 36 a\u00f1os con domicilio en CABA, apoderado legal de la firma ganadera Los Moros, propiedad de su familia, cuyas tierras se ubican en el kil\u00f3metro y funcionan bajo el nombre de El Bonete, estim\u00f3 el da\u00f1o causado por el abigeato en 6 millones de pesos.<\/p>\n<p>El campo posee unas 7.800 hect\u00e1reas aproximadamente y est\u00e1 destinado a la cr\u00eda de ganado vacuno, con unas 1.500 cabezas de distintas categor\u00edas.<\/p>\n<p>Gabriel expuso en sede policial de Los Pumas el encargado del campo -de apellido Alegre- fue a buscar agua al campo de Weber y se sorprendi\u00f3 al observar que en el lugar hab\u00eda unos 9 animales vacunos que ser\u00edan propiedad de la firma, todas vaquillas de unos 190 kilos cada una.<\/p>\n<p>En su denuncia, el profesional dio cuenta que la firma que encabeza &#8220;no vendi\u00f3 animales vacunos de este establecimiento desde hace aproximadamente cuatro meses, tampoco se venden de la categor\u00eda vaquilla y solo se vende a frigor\u00edficos&#8221;, por lo que decidi\u00f3 entrevistarse con Weber para interpelarlo por la presencia de su hacienda en ese campo.<\/p>\n<p>Al relatar los hechos, Gabriel rese\u00f1\u00f3 que Weber se excus\u00f3 alegando que a esos los animales se los hab\u00edan vendido, y que pudo comprobar a simple vista que las vaquilolas ten\u00edan adulterados sus se\u00f1ales con corte a cuchillo, que hab\u00edan perdido las caravanas y que aparentemente las marcas estaban encimadas.<\/p>\n<p>Los animales se encontraban encerrados en el corral que existe en el campo de Weber, asegur\u00f3.<\/p>\n<p>En el avance de la investigaci\u00f3n, Los Pumas recibieron la orden de la fiscal de turno Georgina D\u00edaz Georgina de secuestrar preventivamente los vacunos y entregarlos en dep\u00f3sito judicial al denunciante.<\/p>\n<p><strong>Anormalidades<\/strong><\/p>\n<p>En consecuencia, los agentes rurales se hicieron presentes en el predio rural denominado Los Patos, propiedad Hugo Weber, de 46 a\u00f1os, quien no opuso reparo para el ingreso. Fue en ese momento que Los Pumas junto al denunciante y su pe\u00f3n constataron anormalidades en se\u00f1ales y marcas y procedieron al secuestro de las 9 vaquillas.<\/p>\n<p>M\u00e1s tarde, el fiscal Nicol\u00e1s Maglier orden\u00f3 que se indagara a Weber a fin de determinar en forma fehaciente el vendedor de la hacienda. El productor hizo su descargo y cont\u00f3 que el viernes 14 de febrero fue a su campo a quien conoce como O. S. a buscar agua por la sequ\u00eda y le consult\u00f3 si quer\u00eda comprar entre 9 y 11 vaquillas.<\/p>\n<p>Weber dijo que asinti\u00f3 y fue as\u00ed que el jueves 20 de febrero, O. S. arrib\u00f3 con su camioneta Amarok, con un tr\u00e1iler de color naranja y blanco que transportaba los animales en cuesti\u00f3n, y agreg\u00f3 que le llam\u00f3 la atenci\u00f3n que le pidieran una garrafa para calentar las marcas debido a que iba a contramarcar ah\u00ed nom\u00e1s, cosa que &#8220;me llam\u00f3 la atenci\u00f3n&#8221;.<\/p>\n<p>En esa l\u00ednea, el comprador de los animales robados dio detalles de la operaci\u00f3n. Revel\u00f3 que acord\u00f3 con S. que como no le hab\u00eda llevado el Dte no le iba a dar los 2.600 pesos por kilo en pie sino 2.200 pesos, por lo que le transfiri\u00f3 2.000.000 pesos en ese momento y el d\u00eda viernes 1.671.800 pesos m\u00e1s.<\/p>\n<p><strong>Si detenciones<\/strong><\/p>\n<p>Varios d\u00edas pasaron desde le venta ilegal del ganado y otros tantos desde que Los Pumas aclararon el hecho. Pero aun as\u00ed, y con las pruebas fehacientes para incriminar a los sindicados como responsables del delito rural, al d\u00eda de hoy los fiscales del MPA no lograron avanzar con detenciones e imputaciones.<\/p>\n","protected":false},"excerpt":{"rendered":"<p>La firma damnificada es la ganadera Los Moros. El titular de la firma estim\u00f3 el da\u00f1o en 6 millones de pesos. El due\u00f1o de otro campo hab\u00eda comprado los animales a otro productor, que adulter\u00f3 marcas y se\u00f1ales. La causa no tuvo avances y los implicados siguen en libertad. Hace m\u00e1s de una semana, Nicol\u00e1s [&hellip;]<\/p>\n","protected":false},"author":3,"featured_media":17649,"comment_status":"closed","ping_status":"closed","sticky":false,"template":"","format":"standard","meta":{"_joinchat":[],"footnotes":""},"categories":[30,53],"tags":[],"class_list":{"0":"post-59520","1":"post","2":"type-post","3":"status-publish","4":"format-standard","5":"has-post-thumbnail","7":"category-policiales","8":"category-vera"},"_links":{"self":[{"href":"https:\/\/infovera.com.ar\/web\/wp-json\/wp\/v2\/posts\/59520","targetHints":{"allow":["GET"]}}],"collection":[{"href":"https:\/\/infovera.com.ar\/web\/wp-json\/wp\/v2\/posts"}],"about":[{"href":"https:\/\/infovera.com.ar\/web\/wp-json\/wp\/v2\/types\/post"}],"author":[{"embeddable":true,"href":"https:\/\/infovera.com.ar\/web\/wp-json\/wp\/v2\/users\/3"}],"replies":[{"embeddable":true,"href":"https:\/\/infovera.com.ar\/web\/wp-json\/wp\/v2\/comments?post=59520"}],"version-history":[{"count":0,"href":"https:\/\/infovera.com.ar\/web\/wp-json\/wp\/v2\/posts\/59520\/revisions"}],"wp:featuredmedia":[{"embeddable":true,"href":"https:\/\/infovera.com.ar\/web\/wp-json\/wp\/v2\/media\/17649"}],"wp:attachment":[{"href":"https:\/\/infovera.com.ar\/web\/wp-json\/wp\/v2\/media?parent=59520"}],"wp:term":[{"taxonomy":"category","embeddable":true,"href":"https:\/\/infovera.com.ar\/web\/wp-json\/wp\/v2\/categories?post=59520"},{"taxonomy":"post_tag","embeddable":true,"href":"https:\/\/infovera.com.ar\/web\/wp-json\/wp\/v2\/tags?post=59520"}],"curies":[{"name":"wp","href":"https:\/\/api.w.org\/{rel}","templated":true}]}}