{"id":59517,"date":"2025-03-10T09:38:55","date_gmt":"2025-03-10T12:38:55","guid":{"rendered":"https:\/\/infovera.com.ar\/web\/?p=59517"},"modified":"2025-03-10T09:38:55","modified_gmt":"2025-03-10T12:38:55","slug":"cuello-presento-nuevos-contenedores-y-maquinarias","status":"publish","type":"post","link":"https:\/\/infovera.com.ar\/web\/2025\/03\/10\/cuello-presento-nuevos-contenedores-y-maquinarias\/","title":{"rendered":"Cuello present\u00f3 nuevos contenedores y maquinarias"},"content":{"rendered":"<p>El intendente Rub\u00e9n Cuello -acompa\u00f1ado por senador Osvaldo Sosa- present\u00f3 30 nuevos contenedores para la recolecci\u00f3n de basura urbana, un hidroelevador y una desmalezadora de arrastre, todos adquiridos con fondos propios.<\/p>\n<p>El mandatario municipal record\u00f3 que &#8220;el cuidado de los contenedores es una tarea de todos&#8221;.<\/p>\n","protected":false},"excerpt":{"rendered":"<p>El intendente Rub\u00e9n Cuello -acompa\u00f1ado por senador Osvaldo Sosa- present\u00f3 30 nuevos contenedores para la recolecci\u00f3n de basura urbana, un hidroelevador y una desmalezadora de arrastre, todos adquiridos con fondos propios. El mandatario municipal record\u00f3 que &#8220;el cuidado de los contenedores es una tarea de todos&#8221;.<\/p>\n","protected":false},"author":3,"featured_media":59518,"comment_status":"closed","ping_status":"closed","sticky":false,"template":"","format":"standard","meta":{"_joinchat":[],"footnotes":""},"categories":[52],"tags":[],"class_list":{"0":"post-59517","1":"post","2":"type-post","3":"status-publish","4":"format-standard","5":"has-post-thumbnail","7":"category-calchaqui"},"_links":{"self":[{"href":"https:\/\/infovera.com.ar\/web\/wp-json\/wp\/v2\/posts\/59517","targetHints":{"allow":["GET"]}}],"collection":[{"href":"https:\/\/infovera.com.ar\/web\/wp-json\/wp\/v2\/posts"}],"about":[{"href":"https:\/\/infovera.com.ar\/web\/wp-json\/wp\/v2\/types\/post"}],"author":[{"embeddable":true,"href":"https:\/\/infovera.com.ar\/web\/wp-json\/wp\/v2\/users\/3"}],"replies":[{"embeddable":true,"href":"https:\/\/infovera.com.ar\/web\/wp-json\/wp\/v2\/comments?post=59517"}],"version-history":[{"count":0,"href":"https:\/\/infovera.com.ar\/web\/wp-json\/wp\/v2\/posts\/59517\/revisions"}],"wp:featuredmedia":[{"embeddable":true,"href":"https:\/\/infovera.com.ar\/web\/wp-json\/wp\/v2\/media\/59518"}],"wp:attachment":[{"href":"https:\/\/infovera.com.ar\/web\/wp-json\/wp\/v2\/media?parent=59517"}],"wp:term":[{"taxonomy":"category","embeddable":true,"href":"https:\/\/infovera.com.ar\/web\/wp-json\/wp\/v2\/categories?post=59517"},{"taxonomy":"post_tag","embeddable":true,"href":"https:\/\/infovera.com.ar\/web\/wp-json\/wp\/v2\/tags?post=59517"}],"curies":[{"name":"wp","href":"https:\/\/api.w.org\/{rel}","templated":true}]}}