{"id":59506,"date":"2025-03-10T09:24:31","date_gmt":"2025-03-10T12:24:31","guid":{"rendered":"https:\/\/infovera.com.ar\/web\/?p=59506"},"modified":"2025-03-10T09:27:43","modified_gmt":"2025-03-10T12:27:43","slug":"vicentin-anuncio-que-no-puede-afrontar-el-pago-total-de-salarios","status":"publish","type":"post","link":"https:\/\/infovera.com.ar\/web\/2025\/03\/10\/vicentin-anuncio-que-no-puede-afrontar-el-pago-total-de-salarios\/","title":{"rendered":"Vicentin anunci\u00f3 que no puede afrontar el pago total de salarios"},"content":{"rendered":"<div class=\"xdj266r x11i5rnm xat24cr x1mh8g0r x1vvkbs x126k92a\">\n<div dir=\"auto\">Vicentin comunic\u00f3 oficialmente la imposibilidad de pagar los sueldos de febrero y admiti\u00f3 que este lunes solo depositar\u00e1 el 30%.<\/div>\n<\/div>\n<div class=\"x11i5rnm xat24cr x1mh8g0r x1vvkbs xtlvy1s x126k92a\">\n<div dir=\"auto\"><\/div>\n<div dir=\"auto\">A trav\u00e9s de un comunicado de prensa, emitido el domingo 9 de marzo de 2025, Vicentin avis\u00f3 que &#8220;debido a la cr\u00edtica situaci\u00f3n financiera por la que atraviesa actualmente, se ve imposibilitada de afrontar el pago de la totalidad de los haberes del mes de febrero&#8221; y, por lo tanto, este lunes 10 de marzo, que vence el plazo legal, acreditar\u00e1 solamente &#8220;el 30% del neto correspondiente&#8221;.<\/div>\n<div dir=\"auto\"><\/div>\n<div dir=\"auto\">El directorio puntualiz\u00f3 que trabaja &#8220;con la mayor celeridad posible en la b\u00fasqueda de alternativas para restablecer la estabilidad laboral, alcanzando acuerdos que permitan normalizar los procesos productivos de las plantas&#8221;.<\/div>\n<\/div>\n","protected":false},"excerpt":{"rendered":"<p>Vicentin comunic\u00f3 oficialmente la imposibilidad de pagar los sueldos de febrero y admiti\u00f3 que este lunes solo depositar\u00e1 el 30%. A trav\u00e9s de un comunicado de prensa, emitido el domingo 9 de marzo de 2025, Vicentin avis\u00f3 que &#8220;debido a la cr\u00edtica situaci\u00f3n financiera por la que atraviesa actualmente, se ve imposibilitada de afrontar el [&hellip;]<\/p>\n","protected":false},"author":3,"featured_media":0,"comment_status":"closed","ping_status":"closed","sticky":false,"template":"","format":"standard","meta":{"_joinchat":[],"footnotes":""},"categories":[61],"tags":[],"class_list":{"0":"post-59506","1":"post","2":"type-post","3":"status-publish","4":"format-standard","6":"category-regionales"},"_links":{"self":[{"href":"https:\/\/infovera.com.ar\/web\/wp-json\/wp\/v2\/posts\/59506","targetHints":{"allow":["GET"]}}],"collection":[{"href":"https:\/\/infovera.com.ar\/web\/wp-json\/wp\/v2\/posts"}],"about":[{"href":"https:\/\/infovera.com.ar\/web\/wp-json\/wp\/v2\/types\/post"}],"author":[{"embeddable":true,"href":"https:\/\/infovera.com.ar\/web\/wp-json\/wp\/v2\/users\/3"}],"replies":[{"embeddable":true,"href":"https:\/\/infovera.com.ar\/web\/wp-json\/wp\/v2\/comments?post=59506"}],"version-history":[{"count":0,"href":"https:\/\/infovera.com.ar\/web\/wp-json\/wp\/v2\/posts\/59506\/revisions"}],"wp:attachment":[{"href":"https:\/\/infovera.com.ar\/web\/wp-json\/wp\/v2\/media?parent=59506"}],"wp:term":[{"taxonomy":"category","embeddable":true,"href":"https:\/\/infovera.com.ar\/web\/wp-json\/wp\/v2\/categories?post=59506"},{"taxonomy":"post_tag","embeddable":true,"href":"https:\/\/infovera.com.ar\/web\/wp-json\/wp\/v2\/tags?post=59506"}],"curies":[{"name":"wp","href":"https:\/\/api.w.org\/{rel}","templated":true}]}}