{"id":59500,"date":"2025-03-09T15:43:31","date_gmt":"2025-03-09T18:43:31","guid":{"rendered":"https:\/\/infovera.com.ar\/web\/?p=59500"},"modified":"2025-03-10T10:43:57","modified_gmt":"2025-03-10T13:43:57","slug":"vera-maxima-tension-por-la-pelea-de-dos-familias-por-un-terreno","status":"publish","type":"post","link":"https:\/\/infovera.com.ar\/web\/2025\/03\/09\/vera-maxima-tension-por-la-pelea-de-dos-familias-por-un-terreno\/","title":{"rendered":"Vera: m\u00e1xima tensi\u00f3n por la pelea de dos familias por un terreno"},"content":{"rendered":"<p>Desde la ma\u00f1ana hasta la siesta un fuerte operativo policial se despleg\u00f3 en inmediaciones de la zona norte de Allende Lezama para tratar de pacificar el enfrentamiento entre dos familias por un terreno con una edificaci\u00f3n.<\/p>\n<p>&nbsp;<\/p>\n<p>Pertrechados con cascos, escudos y baristones, y armas largas, un grupo de choque de la Unidad Regional XIX se apost\u00f3 en el lugar con el fin de convencer a los contendientes de cesar en su actitud beligerante.<\/p>\n<p>&#8220;El terreno por el que pelean no es de ninguna de las dos familias&#8221;, confiaron fuentes policiales a InfoVera.<\/p>\n<p><iframe loading=\"lazy\" src=\"https:\/\/www.facebook.com\/plugins\/video.php?height=476&#038;href=https%3A%2F%2Fwww.facebook.com%2Finfovera%2Fvideos%2F2772639092907708%2F&#038;show_text=false&#038;width=265&#038;t=0\" width=\"265\" height=\"476\" style=\"border:none;overflow:hidden\" scrolling=\"no\" frameborder=\"0\" allowfullscreen=\"true\" allow=\"autoplay; clipboard-write; encrypted-media; picture-in-picture; web-share\" allowFullScreen=\"true\"><\/iframe><\/p>\n<p>Quienes pujan por el inmueble son integrantes de las familias Saucedo y Contreras.<\/p>\n<p>Una vecina presente en el disturbio dijo a este medio que &#8220;una chica de apellido Contreras vive ah\u00ec, pero cuando llev\u00f3 a su hijo al Hospital porque estaba con v\u00f3mitos le usurparon la casa&#8221;.<\/p>\n<p>&#8220;Y le sacaron todas sus cosas afuera, y la polic\u00eda no hac\u00eda nada para sacar a los que usurparon&#8221;, se quej\u00f3.<\/p>\n<p>Desde la fuerza de seguridad insistieron con que &#8220;se trata de un tema civil, entre privados. Nosotros solo podemos tratar de apaciguar los \u00e1nimos, pero nada m\u00e1s&#8221;.<\/p>\n<p>La idea es que pueda haber una intermediaci\u00f3n del municipio, que promueva un entendimiento entre ambas familias.<\/p>\n<p><strong>Herido<\/strong><\/p>\n<p>Hubo un herido de bala en los disturbios en Allende Lezama. Un sujeto de apellido Sosa recibi\u00f3 un escopetazo en una de sus piernas. El disparo habr\u00eda sido ejecutado por un miembro de los Contreras, que se enfrentaron con los Saucedo por un inmueble. El herido ser\u00eda familiar de los Saucedo. Fue trasladado al Hospital local por una ambulancia pasadas las 18. Est\u00e1 fuera de peligro. La polic\u00eda mont\u00f3 una guardia en el lugar, donde la tensi\u00f3n no cede. Los vecinos expresaron sus quejas porque el autor de los disparos no fue detenido y exgieron la presecia del fiscal de turno.<\/p>\n","protected":false},"excerpt":{"rendered":"<p>Desde la ma\u00f1ana hasta la siesta un fuerte operativo policial se despleg\u00f3 en inmediaciones de la zona norte de Allende Lezama para tratar de pacificar el enfrentamiento entre dos familias por un terreno con una edificaci\u00f3n. &nbsp; Pertrechados con cascos, escudos y baristones, y armas largas, un grupo de choque de la Unidad Regional XIX [&hellip;]<\/p>\n","protected":false},"author":3,"featured_media":59501,"comment_status":"closed","ping_status":"closed","sticky":false,"template":"","format":"standard","meta":{"_joinchat":[],"footnotes":""},"categories":[30,53],"tags":[],"class_list":{"0":"post-59500","1":"post","2":"type-post","3":"status-publish","4":"format-standard","5":"has-post-thumbnail","7":"category-policiales","8":"category-vera"},"_links":{"self":[{"href":"https:\/\/infovera.com.ar\/web\/wp-json\/wp\/v2\/posts\/59500","targetHints":{"allow":["GET"]}}],"collection":[{"href":"https:\/\/infovera.com.ar\/web\/wp-json\/wp\/v2\/posts"}],"about":[{"href":"https:\/\/infovera.com.ar\/web\/wp-json\/wp\/v2\/types\/post"}],"author":[{"embeddable":true,"href":"https:\/\/infovera.com.ar\/web\/wp-json\/wp\/v2\/users\/3"}],"replies":[{"embeddable":true,"href":"https:\/\/infovera.com.ar\/web\/wp-json\/wp\/v2\/comments?post=59500"}],"version-history":[{"count":0,"href":"https:\/\/infovera.com.ar\/web\/wp-json\/wp\/v2\/posts\/59500\/revisions"}],"wp:featuredmedia":[{"embeddable":true,"href":"https:\/\/infovera.com.ar\/web\/wp-json\/wp\/v2\/media\/59501"}],"wp:attachment":[{"href":"https:\/\/infovera.com.ar\/web\/wp-json\/wp\/v2\/media?parent=59500"}],"wp:term":[{"taxonomy":"category","embeddable":true,"href":"https:\/\/infovera.com.ar\/web\/wp-json\/wp\/v2\/categories?post=59500"},{"taxonomy":"post_tag","embeddable":true,"href":"https:\/\/infovera.com.ar\/web\/wp-json\/wp\/v2\/tags?post=59500"}],"curies":[{"name":"wp","href":"https:\/\/api.w.org\/{rel}","templated":true}]}}