{"id":59482,"date":"2025-03-08T10:54:03","date_gmt":"2025-03-08T13:54:03","guid":{"rendered":"https:\/\/infovera.com.ar\/web\/?p=59482"},"modified":"2025-03-08T10:54:03","modified_gmt":"2025-03-08T13:54:03","slug":"inicio-la-ultima-etapa-de-la-obra-de-desagues-pluviales-principales-de-la-ciudad","status":"publish","type":"post","link":"https:\/\/infovera.com.ar\/web\/2025\/03\/08\/inicio-la-ultima-etapa-de-la-obra-de-desagues-pluviales-principales-de-la-ciudad\/","title":{"rendered":"Inici\u00f3 la ultima etapa de la obra de Desag\u00fces Pluviales Principales de la ciudad"},"content":{"rendered":"<p>Esta semana se dio inicio al tramo final de la obra de desag\u00fces pluviales principales, cuyo conducto atraviesa calle Belgrano de nuestra ciudad. La misma es ejecutada por la Municipalidad de Vera, gracias a un convenio rubricado con el Ministerio de Obras P\u00fablicas de la Provincia, quien otorg\u00f3 el financiamiento.<\/p>\n<p>La Intendente, Paula Mitre, expres\u00f3 al respecto: \u201cEsta es una obra de infraestructura necesaria para que nuestra ciudad por fin pueda tener un correcto desagote los d\u00edas de lluvia y evitemos los anegamientos.<\/p>\n<p>Una vez finalizado este sistema de desag\u00fces, va a trabajar desde la Plaza Independencia hasta calle Mendoza, permitiendo canalizar todo el escurrimiento de un importante sector de la ciudad.<\/p>\n<p>Quiero agradecer al Gobierno de la Provincia por dar respuesta a nuestras gestiones para sumar obras para Vera.<\/p>\n<p>Con esto estamos dando respuesta a una de las necesidades m\u00e1s importantes de los verenses, demostrando que un municipio que trabaja unido a sus ciudadanos puede lograr grandes cosas para el presente y futuro de la ciudad\u201d.<\/p>\n","protected":false},"excerpt":{"rendered":"<p>Esta semana se dio inicio al tramo final de la obra de desag\u00fces pluviales principales, cuyo conducto atraviesa calle Belgrano de nuestra ciudad. La misma es ejecutada por la Municipalidad de Vera, gracias a un convenio rubricado con el Ministerio de Obras P\u00fablicas de la Provincia, quien otorg\u00f3 el financiamiento. La Intendente, Paula Mitre, expres\u00f3 [&hellip;]<\/p>\n","protected":false},"author":3,"featured_media":59483,"comment_status":"closed","ping_status":"closed","sticky":false,"template":"","format":"standard","meta":{"_joinchat":[],"footnotes":""},"categories":[53],"tags":[],"class_list":{"0":"post-59482","1":"post","2":"type-post","3":"status-publish","4":"format-standard","5":"has-post-thumbnail","7":"category-vera"},"_links":{"self":[{"href":"https:\/\/infovera.com.ar\/web\/wp-json\/wp\/v2\/posts\/59482","targetHints":{"allow":["GET"]}}],"collection":[{"href":"https:\/\/infovera.com.ar\/web\/wp-json\/wp\/v2\/posts"}],"about":[{"href":"https:\/\/infovera.com.ar\/web\/wp-json\/wp\/v2\/types\/post"}],"author":[{"embeddable":true,"href":"https:\/\/infovera.com.ar\/web\/wp-json\/wp\/v2\/users\/3"}],"replies":[{"embeddable":true,"href":"https:\/\/infovera.com.ar\/web\/wp-json\/wp\/v2\/comments?post=59482"}],"version-history":[{"count":0,"href":"https:\/\/infovera.com.ar\/web\/wp-json\/wp\/v2\/posts\/59482\/revisions"}],"wp:featuredmedia":[{"embeddable":true,"href":"https:\/\/infovera.com.ar\/web\/wp-json\/wp\/v2\/media\/59483"}],"wp:attachment":[{"href":"https:\/\/infovera.com.ar\/web\/wp-json\/wp\/v2\/media?parent=59482"}],"wp:term":[{"taxonomy":"category","embeddable":true,"href":"https:\/\/infovera.com.ar\/web\/wp-json\/wp\/v2\/categories?post=59482"},{"taxonomy":"post_tag","embeddable":true,"href":"https:\/\/infovera.com.ar\/web\/wp-json\/wp\/v2\/tags?post=59482"}],"curies":[{"name":"wp","href":"https:\/\/api.w.org\/{rel}","templated":true}]}}