{"id":59476,"date":"2025-03-08T09:23:45","date_gmt":"2025-03-08T12:23:45","guid":{"rendered":"https:\/\/infovera.com.ar\/web\/?p=59476"},"modified":"2025-03-08T12:22:16","modified_gmt":"2025-03-08T15:22:16","slug":"en-2024-se-redujeron-un-59-las-muertes-violentas-de-mujeres","status":"publish","type":"post","link":"https:\/\/infovera.com.ar\/web\/2025\/03\/08\/en-2024-se-redujeron-un-59-las-muertes-violentas-de-mujeres\/","title":{"rendered":"En 2024, se redujeron un 59 % las muertes violentas de mujeres"},"content":{"rendered":"<p>El Gobierno Provincial present\u00f3 los datos oficiales de las muertes violentas de mujeres durante 2024. En este sentido inform\u00f3 que hubo una reducci\u00f3n interanual del 59 %, y se registr\u00f3 el segundo valor m\u00e1s bajo de femicidios de los \u00faltimos 10 a\u00f1os.<\/p>\n<p>En el marco del D\u00eda Internacional de la Mujer, el Gobierno de la Provincia, elabor\u00f3 un informe sobre muertes de mujeres por uso intencional de la violencia durante el 2024, a partir de un trabajo conjunto entre el Observatorio de Seguridad P\u00fablica del Ministerio P\u00fablico de la Acusaci\u00f3n y el Ministerio de Justicia y Seguridad y el Observatorio de Violencia de G\u00e9nero dependiente del Ministerio de Igualdad y Desarrollo Humano.<\/p>\n<p>Los datos dan cuenta de una reducci\u00f3n de casos, ya que durante 2024 fueron 25 las muertes de mujeres por usos intencionales de la violencia frente a los 61 casos que se produjeron durante el 2023, en t\u00e9rminos porcentuales y comparativos esto significa que bajaron un 59 % con respecto al a\u00f1o anterior.<\/p>\n<p>De este n\u00famero total, 14 fueron calificadas como femicidios de mujeres cisg\u00e9nero, un 12,5 % menos que en 2023 y el segundo valor m\u00e1s bajo de femicidios en los \u00faltimos 10 a\u00f1os.<\/p>\n<p>Dentro de los n\u00fameros informados, se dio cuenta que el 78,6 % de las mujeres conoc\u00edan a su agresor o agresores, y en este contexto el 35,7 % fueron asesinadas por su pareja o expareja.<\/p>\n<p>En relaci\u00f3n al lugar donde ocurrieron los hechos se detect\u00f3 que el 71,4 % fueron en espacios privados (40 % en el domicilio de la v\u00edctima, 40 % en el domicilio com\u00fan entre v\u00edctima y victimario, 20 % otro lugar privado).<\/p>\n<p>El informe elaborado, tambi\u00e9n da cuenta que el 56 % de todas las muertes violentas intencionales de mujeres de la provincia y la mitad de los femicidios, se produjeron en el Departamento Rosario.<\/p>\n<p>En este sentido, la secretaria de Mujeres, G\u00e9nero y Diversidad, Alicia Tate, asegur\u00f3 que \u201ccuando el Gobierno se compromete con pol\u00edticas p\u00fablicas destinadas a la prevenci\u00f3n de la violencia por razones de g\u00e9nero, los resultados se ponen de manifiesto. Y estos resultados son producto del trabajo conjunto de distintas \u00e1reas de gobierno\u201d.<\/p>\n<p>\u201cVamos a seguir trabajando en este sentido; nuestro gobernador Maximiliano Pullaro y nuestra ministra Victoria Tejeda, siguen apoyando las pol\u00edticas p\u00fablicas que se desarrollan desde nuestra Secretar\u00eda\u201d, concluy\u00f3.<\/p>\n","protected":false},"excerpt":{"rendered":"<p>El Gobierno Provincial present\u00f3 los datos oficiales de las muertes violentas de mujeres durante 2024. En este sentido inform\u00f3 que hubo una reducci\u00f3n interanual del 59 %, y se registr\u00f3 el segundo valor m\u00e1s bajo de femicidios de los \u00faltimos 10 a\u00f1os. En el marco del D\u00eda Internacional de la Mujer, el Gobierno de la [&hellip;]<\/p>\n","protected":false},"author":3,"featured_media":59477,"comment_status":"closed","ping_status":"closed","sticky":false,"template":"","format":"standard","meta":{"_joinchat":[],"footnotes":""},"categories":[60],"tags":[],"class_list":{"0":"post-59476","1":"post","2":"type-post","3":"status-publish","4":"format-standard","5":"has-post-thumbnail","7":"category-provinciales"},"_links":{"self":[{"href":"https:\/\/infovera.com.ar\/web\/wp-json\/wp\/v2\/posts\/59476","targetHints":{"allow":["GET"]}}],"collection":[{"href":"https:\/\/infovera.com.ar\/web\/wp-json\/wp\/v2\/posts"}],"about":[{"href":"https:\/\/infovera.com.ar\/web\/wp-json\/wp\/v2\/types\/post"}],"author":[{"embeddable":true,"href":"https:\/\/infovera.com.ar\/web\/wp-json\/wp\/v2\/users\/3"}],"replies":[{"embeddable":true,"href":"https:\/\/infovera.com.ar\/web\/wp-json\/wp\/v2\/comments?post=59476"}],"version-history":[{"count":0,"href":"https:\/\/infovera.com.ar\/web\/wp-json\/wp\/v2\/posts\/59476\/revisions"}],"wp:featuredmedia":[{"embeddable":true,"href":"https:\/\/infovera.com.ar\/web\/wp-json\/wp\/v2\/media\/59477"}],"wp:attachment":[{"href":"https:\/\/infovera.com.ar\/web\/wp-json\/wp\/v2\/media?parent=59476"}],"wp:term":[{"taxonomy":"category","embeddable":true,"href":"https:\/\/infovera.com.ar\/web\/wp-json\/wp\/v2\/categories?post=59476"},{"taxonomy":"post_tag","embeddable":true,"href":"https:\/\/infovera.com.ar\/web\/wp-json\/wp\/v2\/tags?post=59476"}],"curies":[{"name":"wp","href":"https:\/\/api.w.org\/{rel}","templated":true}]}}