{"id":59468,"date":"2025-03-07T18:53:23","date_gmt":"2025-03-07T21:53:23","guid":{"rendered":"https:\/\/infovera.com.ar\/web\/?p=59468"},"modified":"2025-03-07T18:53:23","modified_gmt":"2025-03-07T21:53:23","slug":"provincia-pasara-a-disponibilidad-a-cinco-policias-por-posar-en-redes-sociales-con-sus-armas-reglamentarias","status":"publish","type":"post","link":"https:\/\/infovera.com.ar\/web\/2025\/03\/07\/provincia-pasara-a-disponibilidad-a-cinco-policias-por-posar-en-redes-sociales-con-sus-armas-reglamentarias\/","title":{"rendered":"Provincia pasar\u00e1 a disponibilidad a cinco polic\u00edas por posar en redes sociales con sus armas reglamentarias"},"content":{"rendered":"<p>La medida fue anunciada desde el Ministerio de Justicia y Seguridad. \u201cRecalcamos la importancia de la educaci\u00f3n en valores y que el polic\u00eda que se pone al servicio de la comunidad, no es m\u00e1s ni menos que un servidor p\u00fablico\u201d, sostuvo secretaria de Coordinaci\u00f3n T\u00e9cnica y Administraci\u00f3n Financiera del Ministerio, Georgina Orciani.<\/p>\n<p>Desde el Ministerio de Justicia y Seguridad de la Provincia confirmaron este viernes que pasar\u00e1n a disponibilidad a cinco agentes policiales que en los \u00faltimos d\u00edas viralizaron im\u00e1genes en redes sociales posando con armas reglamentarias de la Polic\u00eda de Santa Fe.<\/p>\n<p>La secretaria de Coordinaci\u00f3n T\u00e9cnica y Administraci\u00f3n Financiera del Ministerio, Georgina Orciani, confirm\u00f3 que quienes se sacaron las fotos fueron identificados como egresados del Instituto de Seguridad P\u00fablica (Isep) en diciembre del 2024. \u201cEstamos poniendo todos los elementos de investigaci\u00f3n con el departamento de Personal de Polic\u00eda de la provincia y con el ISEP para poder identificar a los autores\u201d, asegur\u00f3 la funcionaria en contacto con los medios de prensa en Rosario.<\/p>\n<p>Ante esto, Orciani confirm\u00f3 que avanzar\u00e1n en un sumario interno y el pase a disponibilidad. \u201cNo hay ninguna duda que la sanci\u00f3n disciplinaria desencadenar\u00e1 en un pase a disponibilidad y consecuentemente en la imposibilidad de poder confirmar a estos egresados de la Escuela de Polic\u00eda en diciembre pasado a la fuerza policial\u201d, confirm\u00f3 la funcionaria.<\/p>\n<p>De igual manera, sostuvo que a\u00fan no se puede \u201ctener acreditada que la totalidad de las im\u00e1genes se reduce a estos cinco casos de los cuales tomamos conocimiento, por lo cual hay en marcha un proceso de investigaci\u00f3n para revisar la totalidad de los egresados\u201d.<\/p>\n<p>Una Polic\u00eda profesionalizada<\/p>\n<p>Para Orciani \u201cno alcanza el arrepentimiento\u201d, ya que desde el Gobierno Provincial consider\u00f3 que se est\u00e1 tomando \u201cuna definici\u00f3n de cara a formar la Polic\u00eda que queremos conformar y tiene en sus manos la misi\u00f3n de cuidar y proteger la vida y los bienes de los santafesinos\u201d.<\/p>\n<p>En ese sentido, la funcionaria profundiz\u00f3: \u201cRecalcamos la importancia de la educaci\u00f3n en valores y que el Polic\u00eda que se pone al servicio de la comunidad, no es m\u00e1s ni menos que un servidor p\u00fablico, por lo cual, es de suma gravedad lo que sucedi\u00f3 y el tono amenazante y agraviante que tienen las fotos y el contenido textual que las acompa\u00f1a\u201d.<\/p>\n","protected":false},"excerpt":{"rendered":"<p>La medida fue anunciada desde el Ministerio de Justicia y Seguridad. \u201cRecalcamos la importancia de la educaci\u00f3n en valores y que el polic\u00eda que se pone al servicio de la comunidad, no es m\u00e1s ni menos que un servidor p\u00fablico\u201d, sostuvo secretaria de Coordinaci\u00f3n T\u00e9cnica y Administraci\u00f3n Financiera del Ministerio, Georgina Orciani. Desde el Ministerio [&hellip;]<\/p>\n","protected":false},"author":3,"featured_media":59470,"comment_status":"closed","ping_status":"closed","sticky":false,"template":"","format":"standard","meta":{"_joinchat":[],"footnotes":""},"categories":[60],"tags":[],"class_list":{"0":"post-59468","1":"post","2":"type-post","3":"status-publish","4":"format-standard","5":"has-post-thumbnail","7":"category-provinciales"},"_links":{"self":[{"href":"https:\/\/infovera.com.ar\/web\/wp-json\/wp\/v2\/posts\/59468","targetHints":{"allow":["GET"]}}],"collection":[{"href":"https:\/\/infovera.com.ar\/web\/wp-json\/wp\/v2\/posts"}],"about":[{"href":"https:\/\/infovera.com.ar\/web\/wp-json\/wp\/v2\/types\/post"}],"author":[{"embeddable":true,"href":"https:\/\/infovera.com.ar\/web\/wp-json\/wp\/v2\/users\/3"}],"replies":[{"embeddable":true,"href":"https:\/\/infovera.com.ar\/web\/wp-json\/wp\/v2\/comments?post=59468"}],"version-history":[{"count":0,"href":"https:\/\/infovera.com.ar\/web\/wp-json\/wp\/v2\/posts\/59468\/revisions"}],"wp:featuredmedia":[{"embeddable":true,"href":"https:\/\/infovera.com.ar\/web\/wp-json\/wp\/v2\/media\/59470"}],"wp:attachment":[{"href":"https:\/\/infovera.com.ar\/web\/wp-json\/wp\/v2\/media?parent=59468"}],"wp:term":[{"taxonomy":"category","embeddable":true,"href":"https:\/\/infovera.com.ar\/web\/wp-json\/wp\/v2\/categories?post=59468"},{"taxonomy":"post_tag","embeddable":true,"href":"https:\/\/infovera.com.ar\/web\/wp-json\/wp\/v2\/tags?post=59468"}],"curies":[{"name":"wp","href":"https:\/\/api.w.org\/{rel}","templated":true}]}}