{"id":59446,"date":"2025-03-06T13:15:46","date_gmt":"2025-03-06T16:15:46","guid":{"rendered":"https:\/\/infovera.com.ar\/web\/?p=59446"},"modified":"2025-03-07T09:33:46","modified_gmt":"2025-03-07T12:33:46","slug":"amsafe-pidio-a-la-region-ii-reducir-la-jornada-escolar-o-suspender-las-clases-por-la-ola-de-calor","status":"publish","type":"post","link":"https:\/\/infovera.com.ar\/web\/2025\/03\/06\/amsafe-pidio-a-la-region-ii-reducir-la-jornada-escolar-o-suspender-las-clases-por-la-ola-de-calor\/","title":{"rendered":"Amsafe pidi\u00f3 a la Regi\u00f3n II reducir la jornada escolar o suspender las clases por la ola de calor"},"content":{"rendered":"<p>En una nota presentada al delegado Prof. Sergio Garc\u00eda, la conducci\u00f3n del gremio de General Obligado solicit\u00f3 tomar medidas ante las t\u00f3rridas jornadas que se registran en el norte santafesino.<\/p>\n<p>TEXTUAL<\/p>\n<p><strong>Nota presentada a la Regi\u00f3n II Delegado Regi\u00f3n II: Prof. Sergio Garc\u00eda<\/strong><\/p>\n<p>Por medio de la presente AMSAFE General Obligado solicita a usted, que ante la ola de calor donde se registran temperaturas superiores a 45\u00b0, la reducci\u00f3n de la jornada escolar o la suspensi\u00f3n de las clases en aquellas escuelas en las que no est\u00e1n garantizadas las m\u00ednimas condiciones de ense\u00f1ar y aprender.<\/p>\n<p>El ambiente en el que se desarrollan las clases es inhumano, hay casos de golpes de calor, descompensaciones y malestar generalizado en las aulas.<\/p>\n<p>El Estado es responsable de cuidar la salud y el bienestar de estudiantes y trabajadores. Exigimos una soluci\u00f3n urgente.<\/p>\n<p>Tambi\u00e9n entregamos una nota pidi\u00e9ndole la intervenci\u00f3n al cuerpo de supervisores.<\/p>\n<p><strong>Nota entregada al cuerpo de supervisores:<\/strong><\/p>\n<p>Cuerpo de Supervisores Regi\u00f3n II<\/p>\n<p>Por medio de la presente AMSAFE General Obligado solicita a ustedes intervengan ante el Delegado Regional para que, que ante la ola de calor donde se registran temperaturas superiores a 45\u00b0, autorice la reducci\u00f3n de la jornada escolar o la suspensi\u00f3n de las clases en aquellas escuelas en las que no est\u00e1n garantizadas las m\u00ednimas condiciones de ense\u00f1ar y aprender.<\/p>\n<p>El ambiente en el que se desarrollan las clases es inhumano, hay casos de golpes de calor, descompensaciones y malestar generalizado en las aulas.<\/p>\n<p>El Estado es responsable de cuidar la salud y el bienestar de estudiantes y trabajadores. Exigimos una soluci\u00f3n urgente. Es necesaria la urgente intervenci\u00f3n de la regional.<\/p>\n","protected":false},"excerpt":{"rendered":"<p>En una nota presentada al delegado Prof. Sergio Garc\u00eda, la conducci\u00f3n del gremio de General Obligado solicit\u00f3 tomar medidas ante las t\u00f3rridas jornadas que se registran en el norte santafesino. TEXTUAL Nota presentada a la Regi\u00f3n II Delegado Regi\u00f3n II: Prof. Sergio Garc\u00eda Por medio de la presente AMSAFE General Obligado solicita a usted, que [&hellip;]<\/p>\n","protected":false},"author":3,"featured_media":59447,"comment_status":"closed","ping_status":"closed","sticky":false,"template":"","format":"standard","meta":{"_joinchat":[],"footnotes":""},"categories":[61],"tags":[],"class_list":{"0":"post-59446","1":"post","2":"type-post","3":"status-publish","4":"format-standard","5":"has-post-thumbnail","7":"category-regionales"},"_links":{"self":[{"href":"https:\/\/infovera.com.ar\/web\/wp-json\/wp\/v2\/posts\/59446","targetHints":{"allow":["GET"]}}],"collection":[{"href":"https:\/\/infovera.com.ar\/web\/wp-json\/wp\/v2\/posts"}],"about":[{"href":"https:\/\/infovera.com.ar\/web\/wp-json\/wp\/v2\/types\/post"}],"author":[{"embeddable":true,"href":"https:\/\/infovera.com.ar\/web\/wp-json\/wp\/v2\/users\/3"}],"replies":[{"embeddable":true,"href":"https:\/\/infovera.com.ar\/web\/wp-json\/wp\/v2\/comments?post=59446"}],"version-history":[{"count":0,"href":"https:\/\/infovera.com.ar\/web\/wp-json\/wp\/v2\/posts\/59446\/revisions"}],"wp:featuredmedia":[{"embeddable":true,"href":"https:\/\/infovera.com.ar\/web\/wp-json\/wp\/v2\/media\/59447"}],"wp:attachment":[{"href":"https:\/\/infovera.com.ar\/web\/wp-json\/wp\/v2\/media?parent=59446"}],"wp:term":[{"taxonomy":"category","embeddable":true,"href":"https:\/\/infovera.com.ar\/web\/wp-json\/wp\/v2\/categories?post=59446"},{"taxonomy":"post_tag","embeddable":true,"href":"https:\/\/infovera.com.ar\/web\/wp-json\/wp\/v2\/tags?post=59446"}],"curies":[{"name":"wp","href":"https:\/\/api.w.org\/{rel}","templated":true}]}}