{"id":59440,"date":"2025-03-06T12:57:50","date_gmt":"2025-03-06T15:57:50","guid":{"rendered":"https:\/\/infovera.com.ar\/web\/?p=59440"},"modified":"2025-03-06T12:57:50","modified_gmt":"2025-03-06T15:57:50","slug":"provincia-inauguro-el-nuevo-edificio-del-jardin-de-infantes-na-292-en-reconquista","status":"publish","type":"post","link":"https:\/\/infovera.com.ar\/web\/2025\/03\/06\/provincia-inauguro-el-nuevo-edificio-del-jardin-de-infantes-na-292-en-reconquista\/","title":{"rendered":"Provincia inaugur\u00f3 el nuevo edificio del Jard\u00edn de Infantes N\u00aa 292 en Reconquista"},"content":{"rendered":"<p>\u201cEs el jard\u00edn m\u00e1s lindo y m\u00e1s grande que tiene la provincia de Santa Fe en t\u00e9rminos de equipamiento, infraestructura, y desarrollo\u201d, consider\u00f3 el ministro de Educaci\u00f3n, Jos\u00e9 Goity, en relaci\u00f3n a la obra que demand\u00f3 una inversi\u00f3n superior a los 1.500 millones de pesos.<\/p>\n<p>El Gobierno de Santa Fe inaugur\u00f3 este jueves el nuevo edificio del Jard\u00edn de Infantes N\u00b0 292 \u201cJuanito Laguna\u201d de la ciudad de Reconquista, donde se realiz\u00f3 una inversi\u00f3n superior a los 1.500 millones de pesos para concretar un viejo anhelo de la comunidad educativa.<br \/>\nEl acto tuvo lugar en la flamante sede de la instituci\u00f3n, ubicada en calle Mendoza 3181, encabezado por el ministro de Educaci\u00f3n, Jos\u00e9 Goity; acompa\u00f1ado del ministro de Trabajo, Empleo y Seguridad Social, Roald B\u00e1scolo; el senador provincial por el departamento General Obligado, Orfilio Marc\u00f3n; la secretaria general del Ministerio de Educaci\u00f3n, Mar\u00eda Mart\u00edn; la directora provincial de Arquitectura Escolar, Luciana Vi\u00f1uela; el delegado de la Regional II de Educaci\u00f3n, Sergio Garc\u00eda; entre otros funcionarios provinciales, municipales y de localidades vecinas.<\/p>\n<p>Reconociendo el trabajo conjunto con equipo directivo, docentes y comunidad educativa, Goity consider\u00f3 que la nueva instituci\u00f3n educativa \u201ces el jard\u00edn m\u00e1s lindo y m\u00e1s grande que tiene la provincia de Santa Fe en t\u00e9rminos de equipamiento, en t\u00e9rminos de infraestructura, en t\u00e9rminos de desarrollo. Y creo que est\u00e1 en el lugar que tiene que estar\u201d.<\/p>\n<p>\u201cYo veo ac\u00e1 un barrio con mucho futuro, con mucha capacidad de desarrollo y ah\u00ed es donde tiene que estar el Estado dando condiciones b\u00e1sicas. Bregamos por la calidad educativa, por los aprendizajes, sabemos que sin aprendizajes no hay educaci\u00f3n, pero tambi\u00e9n sabemos que tenemos que tener la mejor infraestructura. Las escuelas tienen que ser las mejores y cuando hacemos las cosas las tenemos que hacer bien y las tenemos que hacer en tiempo y en forma, y cuando tomamos las decisiones las tenemos que sostener y empezar y terminar\u201d, agreg\u00f3.<\/p>\n<p>Inversi\u00f3n en educaci\u00f3n<\/p>\n<p>El proyecto del jard\u00edn de Reconquista, impulsado con el apoyo del Banco de Desarrollo de Am\u00e9rica Latina y el Caribe (CAF) y el Gobierno de la Provincia de Santa Fe, busca ofrecer un espacio moderno y adecuado para la educaci\u00f3n inicial de los ni\u00f1os y ni\u00f1as de la comunidad. Con una inversi\u00f3n de $1.500.213.637,23, el nuevo edificio cuenta con hall, 6 salas nivel inicial con sanitarios, 1 sala taller con sanitarios, SUM con sanitarios, dep\u00f3sito, office y porter\u00eda y Gobierno (direcci\u00f3n, vicedirecci\u00f3n, secretar\u00eda, sala docente-gabinete pedag\u00f3gico, office y sanitarios).<\/p>\n<p>El ministro record\u00f3 que al asumir el gobierno provincial a fines de 2023 \u201cse planteaba muchas veces que no sab\u00edamos si \u00edbamos a poder pagar sueldos y si la crisis econ\u00f3mica nos iba a llevar a una situaci\u00f3n de colapso, y sin embargo el gobernador Maximiliano Pullaro tom\u00f3 algunas decisiones que fueron fundamentales y una de esas fue no escatimar recursos en infraestructura educativa, que todas las obras que est\u00e1n proyectadas se tienen que terminar en tiempo y forma\u201d.<\/p>\n<p>\u201cEntonces en un a\u00f1o tenemos este jard\u00edn que es un jard\u00edn modelo y eso tiene que ver con el compromiso de una comunidad, el compromiso de un barrio, pero tambi\u00e9n con la decisi\u00f3n pol\u00edtica de invertir en educaci\u00f3n y hacerlo con transparencia, eficiencia y cumpliendo los plazos y t\u00e9rminos en los cuales nos comprometemos. Hoy ac\u00e1 lo que estamos haciendo es plantando futuro para este barrio, plantando futuro para Reconquista, pero sobre todo plantando futuro y educaci\u00f3n para la provincia invencible de Santa Fe\u201d, dijo.<\/p>\n<p>Los sue\u00f1os se hacen realidad<\/p>\n<p>En su intervenci\u00f3n, el senador Marc\u00f3n expres\u00f3: \u201cpara que una realidad se transforme, siempre tiene que haber un sue\u00f1o. Un sue\u00f1o que con el tiempo se transforma en idea. Una idea que se transforma en proyecto. Un proyecto que nos permite conocer qu\u00e9 inversi\u00f3n hay que realizar, una decisi\u00f3n para que ese proyecto se vaya ejecutando y lograr lo que el ministro est\u00e1 hoy inaugurando oficialmente\u201d. Asimismo, agradeci\u00f3 a las autoridades del gobierno provincial \u201cpor tener en cuenta este lugar de Reconquista; gracias por estar una vez m\u00e1s presente con nosotros. Invertir en educaci\u00f3n es invertir en el futuro\u201d.<\/p>\n<p>A su turno, la directora y la vice de la instituci\u00f3n, Carina Torres y Marisa Samar, respectivamente, repasaron la historia del jard\u00edn y compartieron sus emociones por contar con el nuevo edificio: \u201cHoy, junto a todo este gran equipo de docentes, asistentes escolares y comunidad entera, asumimos el compromiso no solo de cuidar este maravilloso y so\u00f1ado espacio, sino tambi\u00e9n de honrarlo, haciendo que cada d\u00eda de nuestros ni\u00f1os y ni\u00f1as aqu\u00ed valga la pena. Este jard\u00edn es la prueba de que los sue\u00f1os se hacen realidad\u201d.<\/p>\n","protected":false},"excerpt":{"rendered":"<p>\u201cEs el jard\u00edn m\u00e1s lindo y m\u00e1s grande que tiene la provincia de Santa Fe en t\u00e9rminos de equipamiento, infraestructura, y desarrollo\u201d, consider\u00f3 el ministro de Educaci\u00f3n, Jos\u00e9 Goity, en relaci\u00f3n a la obra que demand\u00f3 una inversi\u00f3n superior a los 1.500 millones de pesos. El Gobierno de Santa Fe inaugur\u00f3 este jueves el nuevo [&hellip;]<\/p>\n","protected":false},"author":3,"featured_media":59441,"comment_status":"closed","ping_status":"closed","sticky":false,"template":"","format":"standard","meta":{"_joinchat":[],"footnotes":""},"categories":[39,55,61],"tags":[],"class_list":{"0":"post-59440","1":"post","2":"type-post","3":"status-publish","4":"format-standard","5":"has-post-thumbnail","7":"category-educacion","8":"category-reconquista","9":"category-regionales"},"_links":{"self":[{"href":"https:\/\/infovera.com.ar\/web\/wp-json\/wp\/v2\/posts\/59440","targetHints":{"allow":["GET"]}}],"collection":[{"href":"https:\/\/infovera.com.ar\/web\/wp-json\/wp\/v2\/posts"}],"about":[{"href":"https:\/\/infovera.com.ar\/web\/wp-json\/wp\/v2\/types\/post"}],"author":[{"embeddable":true,"href":"https:\/\/infovera.com.ar\/web\/wp-json\/wp\/v2\/users\/3"}],"replies":[{"embeddable":true,"href":"https:\/\/infovera.com.ar\/web\/wp-json\/wp\/v2\/comments?post=59440"}],"version-history":[{"count":0,"href":"https:\/\/infovera.com.ar\/web\/wp-json\/wp\/v2\/posts\/59440\/revisions"}],"wp:featuredmedia":[{"embeddable":true,"href":"https:\/\/infovera.com.ar\/web\/wp-json\/wp\/v2\/media\/59441"}],"wp:attachment":[{"href":"https:\/\/infovera.com.ar\/web\/wp-json\/wp\/v2\/media?parent=59440"}],"wp:term":[{"taxonomy":"category","embeddable":true,"href":"https:\/\/infovera.com.ar\/web\/wp-json\/wp\/v2\/categories?post=59440"},{"taxonomy":"post_tag","embeddable":true,"href":"https:\/\/infovera.com.ar\/web\/wp-json\/wp\/v2\/tags?post=59440"}],"curies":[{"name":"wp","href":"https:\/\/api.w.org\/{rel}","templated":true}]}}