{"id":59411,"date":"2025-03-05T11:42:10","date_gmt":"2025-03-05T14:42:10","guid":{"rendered":"https:\/\/infovera.com.ar\/web\/?p=59411"},"modified":"2025-03-05T11:42:10","modified_gmt":"2025-03-05T14:42:10","slug":"cococcioni-queremos-una-policia-mas-profesionalizada-ordenada-disciplinada-y-ejemplar-en-la-calle","status":"publish","type":"post","link":"https:\/\/infovera.com.ar\/web\/2025\/03\/05\/cococcioni-queremos-una-policia-mas-profesionalizada-ordenada-disciplinada-y-ejemplar-en-la-calle\/","title":{"rendered":"Cococcioni: \u201cQueremos una Polic\u00eda m\u00e1s profesionalizada, ordenada, disciplinada y ejemplar en la calle\u201d"},"content":{"rendered":"<p>Lo dijo el ministro de Justicia y Seguridad de la Provincia al dar inicio al ciclo lectivo para los cadetes que integran la cohorte 2025-2026 de la Escuela de Polic\u00eda del Instituto de Seguridad P\u00fablica. Ser\u00e1n dos a\u00f1os iniciales de carrera bajo un nuevo r\u00e9gimen formativo.<\/p>\n<p>El ministro de Justicia y Seguridad, Pablo Cococcioni, encabez\u00f3 este mi\u00e9rcoles el acto de inicio del ciclo lectivo para los 797 cadetes que integran la cohorte 2025-2026 de la Escuela de Polic\u00eda del Instituto de Seguridad P\u00fablica.<\/p>\n<p>En el Instituto de Seguridad P\u00fablica (ISEP) sede Recreo, Cococcioni resalt\u00f3 que el ciclo se inicia con el \u201cnuevo r\u00e9gimen formativo de la Polic\u00eda de Santa Fe que en esencia recupera los elementos que para nosotros son valiosos de las mejores tradiciones de las fuerzas de seguridad pero adaptados al momento que nos toca vivir\u201d. En ese sentido, el ministro se\u00f1al\u00f3 que parte de esos elementos clave es el \u201cr\u00e9gimen de internado pleno que es una norma de la formaci\u00f3n, fuertemente disciplinario\u201d.<\/p>\n<p>Cambios en la formaci\u00f3n<\/p>\n<p>Cococcioni remarc\u00f3 que es la primera promoci\u00f3n que cuenta con \u201ccupos predefinidos para compensar los \u00faltimos a\u00f1os donde hubo una creciente feminizaci\u00f3n del cupo total de cadetes (alrededor de un 80 % de mujeres). Ahora vamos a tener un 70 % del cupo para cadetes varones porque debe haber una planificaci\u00f3n estatal. Hay funciones que pueden ser cumplidas por varones y mujeres; hay otras funciones cumplidas por varones y otras por mujeres\u201d.<\/p>\n<p>El funcionario recalc\u00f3 tambi\u00e9n que este a\u00f1o ser\u00e1 \u201cel primero en que se har\u00e1 uso del nuevo sistema de becas de est\u00edmulo a los postulantes de los departamentos donde falta cubrir puestos de trabajo\u201d. Y detall\u00f3 que \u201cas\u00ed evitaremos -explic\u00f3- que un polic\u00eda del centro\u2013norte tenga que viajar cientos de kil\u00f3metros para cumplir su funci\u00f3n, lo que da lugar al desarraigo, la falta de conocimiento del lugar y el elevado costo del transporte y el costo humano por c\u00f3mo llega esa persona que dedica horas al traslado\u201d, por lo cual asegur\u00f3 que son \u201ccosas que se van a revertir y en el mediano y largo plazo se van a empezar a notar en un mejor servicio policial\u201d.<\/p>\n<p>Polic\u00eda ordenada y disciplinada<\/p>\n<p>M\u00e1s adelante, Cococcioni hizo hincapi\u00e9 en \u201cdos exigencias: por un lado queremos una Polic\u00eda cada vez m\u00e1s profesionalizada y por otro lado queremos que sea una Polic\u00eda ordenada, disciplinada, ejemplar en la calle\u201d. Por eso afirm\u00f3 que desde el Gobierno de la Provincia se apuesta a un \u201ccambio dr\u00e1stico\u201d con un \u201cr\u00e9gimen militarizado y disciplinario al interior de la formaci\u00f3n policial con un cuerpo de instructores altamente calificado, con lo que aspiramos a darle otra impronta a la Polic\u00eda que sale a la calle\u201d.<br \/>\nPor \u00faltimo, el ministro record\u00f3 que ser\u00e1n \u201cdos a\u00f1os de formaci\u00f3n inicial para trabajar con el objetivo que cuando salgan encaren el nuevo modelo pedag\u00f3gico que va a regir para las fuerzas de seguridad en la provincia\u201d.<\/p>\n<p>Responsabilidad, \u00e9tica y vocaci\u00f3n de servicio<\/p>\n<p>A su turno, el director general del ISEP, Mario Goyenechea dijo a los cadetes ingresantes que la sociedad necesita \u201chombres y mujeres capacitados para enfrentar los desaf\u00edos de la seguridad p\u00fablica con responsabilidad, \u00e9tica y vocaci\u00f3n de servicio capaces de actuar con justicia, respeto y eficiencia en el cumplimiento del deber\u201d, a la vez que subray\u00f3 \u201cel compromiso del Ministerio de Justicia y Seguridad con la formaci\u00f3n de los agentes que es incuestionable y gracias a su visi\u00f3n y esfuerzo contamos con recursos y el marco normativo necesario para seguir avanzando\u201d.<\/p>\n<p>Goyenechea anunci\u00f3 adem\u00e1s que incorporar\u00e1n \u201cun sistema de gesti\u00f3n digital y expedientes de elaboraci\u00f3n propia desarrollado por el \u00e1rea de Tecnolog\u00eda y Desarrollo del ISEP para contar con m\u00f3dulos de legajos digitales, controles automatizados de presentismo del alumnado, gesti\u00f3n de sanciones, administraci\u00f3n de carpetas m\u00e9dicas, seguimiento del ausentismo docente, certificados digitales, entre otras funciones estrat\u00e9gicas para sumarnos al esfuerzo de reducir el uso de papel en la administraci\u00f3n p\u00fablica\u201d.<\/p>\n<p>Presentes<\/p>\n<p>Del acto participaron adem\u00e1s las secretaria de Gesti\u00f3n Institucional del Ministerio de Justicia y Seguridad, Virginia Coudannes; de Asuntos Penales, Luc\u00eda Masneri; y de Coordinaci\u00f3n T\u00e9cnica y Administraci\u00f3n Financiera, Georgina Orciani; el secretario de Justicia, Santiago Mascheroni; el jefe de Polic\u00eda de la provincia; Luis Maldonado; el subjefe, Daniel Filcher; dem\u00e1s autoridades provinciales; autoridades municipales y comunales de la zona; legisladores provinciales; autoridades policiales, entre otros.<\/p>\n","protected":false},"excerpt":{"rendered":"<p>Lo dijo el ministro de Justicia y Seguridad de la Provincia al dar inicio al ciclo lectivo para los cadetes que integran la cohorte 2025-2026 de la Escuela de Polic\u00eda del Instituto de Seguridad P\u00fablica. Ser\u00e1n dos a\u00f1os iniciales de carrera bajo un nuevo r\u00e9gimen formativo. El ministro de Justicia y Seguridad, Pablo Cococcioni, encabez\u00f3 [&hellip;]<\/p>\n","protected":false},"author":3,"featured_media":59413,"comment_status":"closed","ping_status":"closed","sticky":false,"template":"","format":"standard","meta":{"_joinchat":[],"footnotes":""},"categories":[60],"tags":[],"class_list":{"0":"post-59411","1":"post","2":"type-post","3":"status-publish","4":"format-standard","5":"has-post-thumbnail","7":"category-provinciales"},"_links":{"self":[{"href":"https:\/\/infovera.com.ar\/web\/wp-json\/wp\/v2\/posts\/59411","targetHints":{"allow":["GET"]}}],"collection":[{"href":"https:\/\/infovera.com.ar\/web\/wp-json\/wp\/v2\/posts"}],"about":[{"href":"https:\/\/infovera.com.ar\/web\/wp-json\/wp\/v2\/types\/post"}],"author":[{"embeddable":true,"href":"https:\/\/infovera.com.ar\/web\/wp-json\/wp\/v2\/users\/3"}],"replies":[{"embeddable":true,"href":"https:\/\/infovera.com.ar\/web\/wp-json\/wp\/v2\/comments?post=59411"}],"version-history":[{"count":0,"href":"https:\/\/infovera.com.ar\/web\/wp-json\/wp\/v2\/posts\/59411\/revisions"}],"wp:featuredmedia":[{"embeddable":true,"href":"https:\/\/infovera.com.ar\/web\/wp-json\/wp\/v2\/media\/59413"}],"wp:attachment":[{"href":"https:\/\/infovera.com.ar\/web\/wp-json\/wp\/v2\/media?parent=59411"}],"wp:term":[{"taxonomy":"category","embeddable":true,"href":"https:\/\/infovera.com.ar\/web\/wp-json\/wp\/v2\/categories?post=59411"},{"taxonomy":"post_tag","embeddable":true,"href":"https:\/\/infovera.com.ar\/web\/wp-json\/wp\/v2\/tags?post=59411"}],"curies":[{"name":"wp","href":"https:\/\/api.w.org\/{rel}","templated":true}]}}