{"id":59399,"date":"2025-03-05T09:52:53","date_gmt":"2025-03-05T12:52:53","guid":{"rendered":"https:\/\/infovera.com.ar\/web\/?p=59399"},"modified":"2025-03-05T10:37:03","modified_gmt":"2025-03-05T13:37:03","slug":"el-gobierno-de-santa-fe-fortalecio-la-prevencion-del-dengue-en-el-departamento-vera-con-la-entrega-de-insumos-y-equipamiento","status":"publish","type":"post","link":"https:\/\/infovera.com.ar\/web\/2025\/03\/05\/el-gobierno-de-santa-fe-fortalecio-la-prevencion-del-dengue-en-el-departamento-vera-con-la-entrega-de-insumos-y-equipamiento\/","title":{"rendered":"El Gobierno de Santa Fe fortaleci\u00f3 la prevenci\u00f3n del dengue en el departamento Vera con la entrega de insumos y equipamiento"},"content":{"rendered":"<p>Juliana Caillat y Cristian Cunha encabezaron la distribuci\u00f3n en Avellaneda, destacando el impacto positivo de las pol\u00edticas provinciales en la reducci\u00f3n de casos.<\/p>\n<p>El Gobierno de la Provincia de Santa Fe llev\u00f3 adelante una nueva entrega de equipamiento e insumos en el departamento Vera y otras localidades del norte santafesino, reforzando as\u00ed las estrategias de prevenci\u00f3n del dengue. La actividad, realizada este viernes en el Auditorio del Centro Cultural Municipal de Avellaneda, cont\u00f3 con la participaci\u00f3n de la Subsecretaria de Asuntos Electorales, Juliana Caillat, y del Secretario de Cooperaci\u00f3n, Cristian Cunha, quienes destacaron el impacto positivo de las pol\u00edticas sanitarias impulsadas por la gesti\u00f3n del gobernador Maximiliano Pullaro.<\/p>\n<blockquote><p><strong><span style=\"font-size: 14px;\">Las localidades que recibieron equipamiento: Golondrina, Ca\u00f1ada Omb\u00fa,\u00a0Toba,\u00a0Los Amores,\u00a0Intiyaco,\u00a0Tartagal,\u00a0Garabato,\u00a0La Gallareta,\u00a0Fort\u00edn Olmos,\u00a0Margarita,\u00a0Calchaqu\u00ed y Vera.<\/span><\/strong><\/p><\/blockquote>\n<p>Durante la jornada, se distribuyeron mochilas manuales, termonieblas para fumigaci\u00f3n, larvicidas y permetrina, insumos fundamentales para fortalecer las tareas de control del mosquito transmisor del dengue en las zonas m\u00e1s vulnerables. La entrega forma parte de una estrategia provincial que ya alcanz\u00f3 a m\u00e1s de 290 localidades en distintos departamentos, garantizando una cobertura efectiva y equitativa.<\/p>\n<p>\u201cLa decisi\u00f3n del gobernador Pullaro de priorizar la prevenci\u00f3n nos permiti\u00f3 bajar los \u00edndices de dengue en varias regiones de la provincia. Este trabajo articulado entre el Gobierno Provincial, municipios y comunas nos permite adelantarnos a los brotes y actuar con rapidez\u201d, afirm\u00f3 Juliana Caillat, subrayando la importancia de la cooperaci\u00f3n territorial.<\/p>\n<p>En la misma l\u00ednea, Cristian Cunha destac\u00f3 la magnitud del operativo: \u201cDesde el inicio del programa Objetivo Dengue, se han invertido m\u00e1s de 1.500 millones de pesos en insumos y equipamiento, garantizando que cada localidad cuente con herramientas concretas para combatir el mosquito. La mejor manera de enfrentar la enfermedad es con planificaci\u00f3n y compromiso\u201d.<\/p>\n<p>Un plan integral con impacto real<\/p>\n<p>El programa Objetivo Dengue, coordinado por la Secretar\u00eda de Cooperaci\u00f3n del Gobierno Provincial, trabaja en la prevenci\u00f3n y concientizaci\u00f3n de la enfermedad a trav\u00e9s de una estrategia integral que involucra a los ministerios de Salud, Gobierno e Innovaci\u00f3n P\u00fablica, Ambiente y Cambio Clim\u00e1tico, Educaci\u00f3n, e Igualdad y Desarrollo Humano.<\/p>\n<p>Entre las pol\u00edticas implementadas se destacan la vigilancia epidemiol\u00f3gica, el fortalecimiento del control vectorial, la educaci\u00f3n comunitaria y la producci\u00f3n local de repelentes, con una inversi\u00f3n de $700 millones en el Laboratorio Industrial Farmac\u00e9utico (LIF) para quintuplicar la producci\u00f3n de repelente.<\/p>\n<p>Gracias a estas acciones, la provincia logr\u00f3 mejorar su respuesta sanitaria, evitando la propagaci\u00f3n del virus y brindando herramientas a cada municipio y comuna para actuar con eficacia. El compromiso del Gobierno de Santa Fe con la salud p\u00fablica sigue firme, asegurando que la prevenci\u00f3n sea la clave para proteger a la poblaci\u00f3n y mitigar los efectos del dengue en todo el territorio.<\/p>\n","protected":false},"excerpt":{"rendered":"<p>Juliana Caillat y Cristian Cunha encabezaron la distribuci\u00f3n en Avellaneda, destacando el impacto positivo de las pol\u00edticas provinciales en la reducci\u00f3n de casos. El Gobierno de la Provincia de Santa Fe llev\u00f3 adelante una nueva entrega de equipamiento e insumos en el departamento Vera y otras localidades del norte santafesino, reforzando as\u00ed las estrategias de [&hellip;]<\/p>\n","protected":false},"author":3,"featured_media":59400,"comment_status":"closed","ping_status":"closed","sticky":false,"template":"","format":"standard","meta":{"_joinchat":[],"footnotes":""},"categories":[51,37,36],"tags":[],"class_list":{"0":"post-59399","1":"post","2":"type-post","3":"status-publish","4":"format-standard","5":"has-post-thumbnail","7":"category-locales","8":"category-salud","9":"category-sociedad"},"_links":{"self":[{"href":"https:\/\/infovera.com.ar\/web\/wp-json\/wp\/v2\/posts\/59399","targetHints":{"allow":["GET"]}}],"collection":[{"href":"https:\/\/infovera.com.ar\/web\/wp-json\/wp\/v2\/posts"}],"about":[{"href":"https:\/\/infovera.com.ar\/web\/wp-json\/wp\/v2\/types\/post"}],"author":[{"embeddable":true,"href":"https:\/\/infovera.com.ar\/web\/wp-json\/wp\/v2\/users\/3"}],"replies":[{"embeddable":true,"href":"https:\/\/infovera.com.ar\/web\/wp-json\/wp\/v2\/comments?post=59399"}],"version-history":[{"count":0,"href":"https:\/\/infovera.com.ar\/web\/wp-json\/wp\/v2\/posts\/59399\/revisions"}],"wp:featuredmedia":[{"embeddable":true,"href":"https:\/\/infovera.com.ar\/web\/wp-json\/wp\/v2\/media\/59400"}],"wp:attachment":[{"href":"https:\/\/infovera.com.ar\/web\/wp-json\/wp\/v2\/media?parent=59399"}],"wp:term":[{"taxonomy":"category","embeddable":true,"href":"https:\/\/infovera.com.ar\/web\/wp-json\/wp\/v2\/categories?post=59399"},{"taxonomy":"post_tag","embeddable":true,"href":"https:\/\/infovera.com.ar\/web\/wp-json\/wp\/v2\/tags?post=59399"}],"curies":[{"name":"wp","href":"https:\/\/api.w.org\/{rel}","templated":true}]}}