{"id":59304,"date":"2025-02-26T16:52:38","date_gmt":"2025-02-26T19:52:38","guid":{"rendered":"https:\/\/infovera.com.ar\/web\/?p=59304"},"modified":"2025-02-26T16:52:38","modified_gmt":"2025-02-26T19:52:38","slug":"siete-ofertas-para-la-ampliacion-de-la-red-de-agua-potable-en-florencia","status":"publish","type":"post","link":"https:\/\/infovera.com.ar\/web\/2025\/02\/26\/siete-ofertas-para-la-ampliacion-de-la-red-de-agua-potable-en-florencia\/","title":{"rendered":"Siete ofertas para la ampliaci\u00f3n de la red de agua potable en Florencia"},"content":{"rendered":"<p>La licitaci\u00f3n fue llevada adelante por el Gobierno provincial. Se trata de la obra de optimizaci\u00f3n del sistema de tratamiento y renovaci\u00f3n de ca\u00f1er\u00eda de red de distribuci\u00f3n de agua potable de la localidad. El presupuesto oficial asciende a m\u00e1s de 2.400 millones de pesos.<\/p>\n<p>El Gobierno de la Provincia de Santa Fe, a trav\u00e9s del Ministerio de Obras P\u00fablicas, llev\u00f3 adelante la licitaci\u00f3n para la obra de ampliaci\u00f3n de la red de agua potable de la localidad de Florencia, en General Obligado. Durante la actividad, que se realiz\u00f3 en la Cooperativa de Agua Potable (Coliapo), estuvieron presentes el secretario general del Ministerio de Obras P\u00fablicas, Marcos Renna; el secretario de Agua y Saneamiento, Leonel Marmiroli; el senador por el departamento General Obligado, Orfilio Marc\u00f3n; el diputado provincial, Dionisio Scarpin; y el presidente de la cooperativa, Claudio Zanier.<\/p>\n<p>En la oportunidad, el secretario Marmiroli remarc\u00f3: \u201cEstamos cumpliendo con el rumbo trazado por el gobernador Maximiliano Pullaro y el ministro de Obras P\u00fablicas, Lisandro Enrico, y siendo parte de este momento hist\u00f3rico para Florencia\u201d. El funcionario dio algunos detalles de la obra: \u201cEsta es una inversi\u00f3n de $ 2.500 millones, que abordar\u00e1 todas las partes de un sistema de provisi\u00f3n de agua: la captaci\u00f3n, la reserva, la potabilizaci\u00f3n, la distribuci\u00f3n, y tambi\u00e9n la distribuci\u00f3n. En la captaci\u00f3n vamos a sumar nuevas perforaciones y la automatizaremos para que la explotaci\u00f3n sea controlada\u201d.<\/p>\n<p>Reconocimiento a las cooperativas<\/p>\n<p>El diputado provincial, Dionisio Scarpin explic\u00f3 que \u201cmucha gente del norte viene dando una lucha muy fuerte para que las cooperativas, especialmente de agua, sean reconocidas por su esfuerzo y lucha. Porque no es f\u00e1cil ponerse al frente de un servicio que es el m\u00e1s esencial que puede tener una comunidad\u201d. Asimismo, el senador por el departamento General Obligado, Orfilio Marc\u00f3n agradeci\u00f3 \u201cla decisi\u00f3n del gobernador Pullaro\u201d y \u201ca todo los equipos que de una o de otra manera han contribuido y han empujado este proyecto para que hoy tengamos la suerte de contar con siete ofertas\u201d.<\/p>\n<p>Descripci\u00f3n de la obra<\/p>\n<p>La obra contempla la optimizaci\u00f3n del sistema de provisi\u00f3n y distribuci\u00f3n de agua potable en general, considerando como Etapa I la ejecuci\u00f3n del estudio de la fuente subterr\u00e1nea, reacondicionamiento de las perforaciones existentes, la ejecuci\u00f3n de nuevas perforaciones que permitan cubrir la demanda del servicio de distribuci\u00f3n con un horizonte de 10 a\u00f1os, un nuevo esquema de bombeo y automatizaci\u00f3n.<\/p>\n<p>Se prev\u00e9 la ampliaci\u00f3n de la capacidad de reserva de agua cruda incrementando en 100 m3 a lo existente mediante la provisi\u00f3n de una cisterna de PRFV vertical y un adicional de 100 m3 para ampliar la reserva de agua tratada mediante la provisi\u00f3n de una cisterna de PRFV semienterrada, alcanzando un total, entre la reserva existente y lo proyectado de 450 m3.<\/p>\n<p>Se realizar\u00e1 la refacci\u00f3n completa e impermeabilizaci\u00f3n del tanque elevado existente, recambio de by-pass y ca\u00f1er\u00eda de rebalse, instalaci\u00f3n de macromedidor suministrado por la Coliapo, obras complementarias en el predio de tratamiento y el recambio total de la red de distribuci\u00f3n de agua potable existente por una nueva en ca\u00f1er\u00eda de PEAD PN6 de di\u00e1metros variables entre 63 a 200 mm, incluyendo la reconexi\u00f3n de canillas de servicio para suministro por bidones existentes.<\/p>\n<p>Cabe destacar que con la presente obra se beneficiar\u00e1 al 100% de la planta urbana de la ciudad de Florencia, restableciendo el servicio de Agua Potable a todos los usuarios, tanto domiciliarios como los que hacen uso de las canillas comunitarias, con el objeto de garantizar la provisi\u00f3n de agua potable bajo normativa.<\/p>\n<p>Las ofertas<\/p>\n<p>Con un presupuesto oficial de $ 2.415.405.435,67 (a agosto 2024) y un plazo de ejecuci\u00f3n de obra de 18 meses, siete fueron las empresas que presentaron sus ofertas: Toinar S.R.L con una oferta econ\u00f3mica de $ 2.410.736.800,00; Pilatti S.A., $ 2.465.535.163,49; Pir\u00e1mide Constructora; $ 2.607.329.197,26; S&amp;D Obras y Servicios, $ 2.172.945.711,23; Prat Construcciones S.A., $ 2.338.052.648,15; Proyecci\u00f3n Electroluz S.R.L., $ 2.689.721.211,36 y por \u00faltimo, la empresa Winkelmann S.R.L. $ 2.829.500.870,65.<\/p>\n<p>De la actividad tambi\u00e9n fueron parte el intendente de Florencia; Rub\u00e9n Quain; la secretaria de Coordinaci\u00f3n T\u00e9cnica del Ministerio de Obras P\u00fablicas, Andrea Arrietti; el subsecretario de Planificaci\u00f3n Estrat\u00e9gica, Marcelo M\u00e1ntaras; la subsecretaria de Agua y Saneamiento, Vilma Olivieri; el director Provincial de Agua y Saneamiento, Abel Siebenhaar; y el presidente del Concejo de Florencia, Fabio Villa.<\/p>\n","protected":false},"excerpt":{"rendered":"<p>La licitaci\u00f3n fue llevada adelante por el Gobierno provincial. Se trata de la obra de optimizaci\u00f3n del sistema de tratamiento y renovaci\u00f3n de ca\u00f1er\u00eda de red de distribuci\u00f3n de agua potable de la localidad. El presupuesto oficial asciende a m\u00e1s de 2.400 millones de pesos. El Gobierno de la Provincia de Santa Fe, a trav\u00e9s [&hellip;]<\/p>\n","protected":false},"author":3,"featured_media":59305,"comment_status":"closed","ping_status":"closed","sticky":false,"template":"","format":"standard","meta":{"_joinchat":[],"footnotes":""},"categories":[61],"tags":[],"class_list":{"0":"post-59304","1":"post","2":"type-post","3":"status-publish","4":"format-standard","5":"has-post-thumbnail","7":"category-regionales"},"_links":{"self":[{"href":"https:\/\/infovera.com.ar\/web\/wp-json\/wp\/v2\/posts\/59304","targetHints":{"allow":["GET"]}}],"collection":[{"href":"https:\/\/infovera.com.ar\/web\/wp-json\/wp\/v2\/posts"}],"about":[{"href":"https:\/\/infovera.com.ar\/web\/wp-json\/wp\/v2\/types\/post"}],"author":[{"embeddable":true,"href":"https:\/\/infovera.com.ar\/web\/wp-json\/wp\/v2\/users\/3"}],"replies":[{"embeddable":true,"href":"https:\/\/infovera.com.ar\/web\/wp-json\/wp\/v2\/comments?post=59304"}],"version-history":[{"count":0,"href":"https:\/\/infovera.com.ar\/web\/wp-json\/wp\/v2\/posts\/59304\/revisions"}],"wp:featuredmedia":[{"embeddable":true,"href":"https:\/\/infovera.com.ar\/web\/wp-json\/wp\/v2\/media\/59305"}],"wp:attachment":[{"href":"https:\/\/infovera.com.ar\/web\/wp-json\/wp\/v2\/media?parent=59304"}],"wp:term":[{"taxonomy":"category","embeddable":true,"href":"https:\/\/infovera.com.ar\/web\/wp-json\/wp\/v2\/categories?post=59304"},{"taxonomy":"post_tag","embeddable":true,"href":"https:\/\/infovera.com.ar\/web\/wp-json\/wp\/v2\/tags?post=59304"}],"curies":[{"name":"wp","href":"https:\/\/api.w.org\/{rel}","templated":true}]}}