{"id":59300,"date":"2025-02-26T16:29:38","date_gmt":"2025-02-26T19:29:38","guid":{"rendered":"https:\/\/infovera.com.ar\/web\/?p=59300"},"modified":"2025-02-27T09:27:57","modified_gmt":"2025-02-27T12:27:57","slug":"patricia-bullrich-estara-en-el-norte-para-una-destruccion-de-estupefaciente-secuestrado","status":"publish","type":"post","link":"https:\/\/infovera.com.ar\/web\/2025\/02\/26\/patricia-bullrich-estara-en-el-norte-para-una-destruccion-de-estupefaciente-secuestrado\/","title":{"rendered":"Patricia Bullrich estar\u00e1 en el norte para una destrucci\u00f3n de estupefaciente secuestrado"},"content":{"rendered":"<p>El Juzgado Federal de Reconquista anunci\u00f3 que la realizaci\u00f3n de un procedimiento de destrucci\u00f3n de material estupefaciente secuestrado en el marco de diversas causas tramitadas por esa instancia a cargo del Dr. Aldo Mario Alurralde.<\/p>\n<p>El mismo tendr\u00e1 lugar el 27 de febrero de 2025 a partir de las 15 en el Crematorio del Cementerio Municipal de la ciudad de Avellaneda.<\/p>\n<p>Dicho acto contar\u00e1 con la presencia de autoridades nacionales: ministra de Seguridad Patricia Bullrich, el secretario de lucha contra el narcotr\u00e1fico y la criminalidad organizada, un representante del gobernador de la provincia de Santa Fe, intendentes, miembros del poder legislativo, funcionarios y fuerzas de seguridad.<\/p>\n","protected":false},"excerpt":{"rendered":"<p>El Juzgado Federal de Reconquista anunci\u00f3 que la realizaci\u00f3n de un procedimiento de destrucci\u00f3n de material estupefaciente secuestrado en el marco de diversas causas tramitadas por esa instancia a cargo del Dr. Aldo Mario Alurralde. El mismo tendr\u00e1 lugar el 27 de febrero de 2025 a partir de las 15 en el Crematorio del Cementerio [&hellip;]<\/p>\n","protected":false},"author":3,"featured_media":59301,"comment_status":"closed","ping_status":"closed","sticky":false,"template":"","format":"standard","meta":{"_joinchat":[],"footnotes":""},"categories":[61],"tags":[],"class_list":{"0":"post-59300","1":"post","2":"type-post","3":"status-publish","4":"format-standard","5":"has-post-thumbnail","7":"category-regionales"},"_links":{"self":[{"href":"https:\/\/infovera.com.ar\/web\/wp-json\/wp\/v2\/posts\/59300","targetHints":{"allow":["GET"]}}],"collection":[{"href":"https:\/\/infovera.com.ar\/web\/wp-json\/wp\/v2\/posts"}],"about":[{"href":"https:\/\/infovera.com.ar\/web\/wp-json\/wp\/v2\/types\/post"}],"author":[{"embeddable":true,"href":"https:\/\/infovera.com.ar\/web\/wp-json\/wp\/v2\/users\/3"}],"replies":[{"embeddable":true,"href":"https:\/\/infovera.com.ar\/web\/wp-json\/wp\/v2\/comments?post=59300"}],"version-history":[{"count":0,"href":"https:\/\/infovera.com.ar\/web\/wp-json\/wp\/v2\/posts\/59300\/revisions"}],"wp:featuredmedia":[{"embeddable":true,"href":"https:\/\/infovera.com.ar\/web\/wp-json\/wp\/v2\/media\/59301"}],"wp:attachment":[{"href":"https:\/\/infovera.com.ar\/web\/wp-json\/wp\/v2\/media?parent=59300"}],"wp:term":[{"taxonomy":"category","embeddable":true,"href":"https:\/\/infovera.com.ar\/web\/wp-json\/wp\/v2\/categories?post=59300"},{"taxonomy":"post_tag","embeddable":true,"href":"https:\/\/infovera.com.ar\/web\/wp-json\/wp\/v2\/tags?post=59300"}],"curies":[{"name":"wp","href":"https:\/\/api.w.org\/{rel}","templated":true}]}}