{"id":59292,"date":"2025-02-25T12:40:08","date_gmt":"2025-02-25T15:40:08","guid":{"rendered":"https:\/\/infovera.com.ar\/web\/?p=59292"},"modified":"2025-02-26T16:42:35","modified_gmt":"2025-02-26T19:42:35","slug":"no-hay-rastros-de-los-autores-de-dos-escruches-uno-millonario-y-el-otro-perpetrado-a-media-tarde-en-vera","status":"publish","type":"post","link":"https:\/\/infovera.com.ar\/web\/2025\/02\/25\/no-hay-rastros-de-los-autores-de-dos-escruches-uno-millonario-y-el-otro-perpetrado-a-media-tarde-en-vera\/","title":{"rendered":"(Video) No hay rastros de los autores de dos &#8220;escruches&#8221;, uno millonario y el otro perpetrado a media tarde en Vera"},"content":{"rendered":"<div class=\"htmx-loaded:animate-fade-in-fast\" data-htmx-loaded=\"\" data-scope=\"\">\n<div id=\"transcript-3855081281042775986\" dir=\"ltr\" translate=\"no\" data-active-class=\"bg-primary\/25 transition-all duration-200\">\n<div>\n<p>Dato oficial. La Unidad Fiscal de Vera aun no recibi\u00f3 los legajos -las investigaciones- de dos hechos contra la propiedad que sacudieron a la comunidad verense.<\/p>\n<p>\u00bfQu\u00e9 significa? Que la PDI y el organismo a cargo de la persecuci\u00f3n penal del MPA no pudieron determinar qui\u00e9nes fueron los autores de &#8220;escruches&#8221; -forma de robo en la que los delincuentes ingresan a una vivienda en ausencia de sus habitantes, vulnerando su privacidad y seguridad- y, en consecuencia, no elevaron resultados concretos a los fiscales para que estos puedan imputar y detener.<\/p>\n<div class=\"youtube-embed\" data-video_id=\"\"><iframe loading=\"lazy\" title=\"Sin rastros de los autores de &quot;escruches&quot;, uno millonario y el otro perpetrado a media tarde en Vera\" width=\"563\" height=\"1000\" src=\"https:\/\/www.youtube.com\/embed\/d42gKDzYDkk?feature=oembed&#038;enablejsapi=1\" frameborder=\"0\" allow=\"accelerometer; autoplay; clipboard-write; encrypted-media; gyroscope; picture-in-picture; web-share\" referrerpolicy=\"strict-origin-when-cross-origin\" allowfullscreen><\/iframe><\/div>\n<p>Los hechos, uno ocurrido el 22 de enero en la vivienda particular del empresario Juan Pablo Rossini y otro sucedido el 6 de febrero en el local comercial c\u00e9ntrico de Omar Klein -Educom-, debieron ser obra de ladrones con cierto profesionalismo, que se valieron de inteligencia previa para ser ejecutados.<\/p>\n<p><strong>Un desastre<\/strong><\/p>\n<p><strong>A Rossini le ingresaron a media tarde, alrededor de las 17:30, por la puerta principal de su casa. Le hicieron un desastre, dieron vuelta todo, rompieron objetos en busca de dinero o joyas.<\/strong> No robaron nada, a pesar de que hab\u00eda elementos de valor como una notebook y un celular iPhone. A la camioneta que estaba en el garaje hasta le sacaron los pl\u00e1sticos de abajo del asiento, tumbaron los cuadros de las paredes en busca de alguna caja fuerte.<\/p>\n<p>Rossini estuvo dos d\u00edas, junto a su pareja, para volver a poner en orden el interior de su domicilio, lo que habla a las claras de la virulencia con que actuaron los cacos.<\/p>\n<p><strong>La PDI se hizo cargo de la investigaci\u00f3n -es un decir nada m\u00e1s-, pero no pudo hallar rastros de los delincuentes.<\/strong> &#8220;Entraron con guantes&#8221;, les dijeron a las v\u00edctimas. M\u00e1s de un mes despu\u00e9s no hay novedades, de ning\u00fan tipo. La causa est\u00e1 caratulada como &#8220;hurto simple&#8221;.<\/p>\n<figure id=\"attachment_59293\" aria-describedby=\"caption-attachment-59293\" style=\"width: 827px\" class=\"wp-caption aligncenter\"><a href=\"https:\/\/infovera.com.ar\/web\/wp-content\/uploads\/2025\/02\/rossini.png\"><img loading=\"lazy\" decoding=\"async\" class=\"size-full wp-image-59293\" src=\"https:\/\/infovera.com.ar\/web\/wp-content\/uploads\/2025\/02\/rossini.png\" alt=\"\" width=\"827\" height=\"527\" srcset=\"https:\/\/infovera.com.ar\/web\/wp-content\/uploads\/2025\/02\/rossini.png 827w, https:\/\/infovera.com.ar\/web\/wp-content\/uploads\/2025\/02\/rossini-696x444.png 696w, https:\/\/infovera.com.ar\/web\/wp-content\/uploads\/2025\/02\/rossini-659x420.png 659w\" sizes=\"auto, (max-width: 827px) 100vw, 827px\" \/><\/a><figcaption id=\"caption-attachment-59293\" class=\"wp-caption-text\">As\u00ed qued\u00f3 el interior de la casa de Juan Pablo Rossini.<\/figcaption><\/figure>\n<p><strong>Con sogas<\/strong><\/p>\n<p>El 6 de febrero, presumiblemente a la madrugada y vali\u00e9ndose de sogas, malvivientes accedieron al sector interno de local de venta de art\u00edculos de inform\u00e1tica Educom ubicado en plena calle San Mart\u00edn y, sin tocar la mercader\u00eda existente, se dirigieron a la oficina y se llevaron un mot\u00edn estimado en varios millones de pesos. Tampoco hay rastros en este caso. Ni de cerca.<\/p>\n<p><strong>&#8220;En absoluto, no tuve ninguna novedad, para nada&#8221;, dijo a InfoVera Omar Klein, que agreg\u00f3 que se encarg\u00f3 de pasar varios datos y sospechas sobre lo ocurrido a la PDI, pero &#8220;no vinieron m\u00e1s, no me consultaron m\u00e1s nada. Ni siquiera saben por d\u00f3nde subieron al techo&#8221;.<\/strong><\/p>\n<p>El comerciante indic\u00f3 que la Polic\u00eda de Investigaciones &#8220;estaba cre\u00edda que hab\u00edan entrado por el fondo del local, el fondo m\u00edo da al patio de las oficinas de CSDNet, y ellos tienen c\u00e1maras ah\u00ed, pero en las c\u00e1maras no se ve nada, entonces lo dejaron ah\u00ed. <strong>No volvieron, no subieron nuevamente al techo, no hicieron una reconstrucci\u00f3n, una caminata por los techos de los vecinos para ver por d\u00f3nde pudieron haber subido,\u00a0no hicieron absolutamente nada, qued\u00f3 todo ah\u00ed en la nada&#8221;.<\/strong><\/p>\n<p><strong>Consultado acerca de la falta de huellas, Klein estim\u00f3 que &#8220;evidentemente se trabaj\u00f3 con guantes&#8221;,<\/strong> aunque los funcionarios policiales no estaban seguros de si eran con guantes o si la ausencia de rastros se debi\u00f3 a la transpiraci\u00f3n o a la llovizna del momento, porque justo en ese momento llovi\u00f3 en Vera.<\/p>\n<p>&#8220;Hab\u00eda marcas por todos lados, pero no se pudo recoger ninguna huella. As\u00ed que s\u00ed, trabajaron con guantes&#8221;, consider\u00f3.<\/p>\n<p>Con relaci\u00f3n a la modalidad utilizada para entrar al comercio, grafic\u00f3 que &#8220;colgaron una soga, que es un cable de electricidad, un cable bipolar de electricidad, junto con una soga, los dos a la par, le fueron haciendo nudos cada 40 a 50 cent\u00edmetros para poder agarrarse de esos nudos y descender. M\u00e1s abajo se ve el cielorraso roto, <strong>rompieron el cielorraso para entrar hasta la oficina, y se movieron ah\u00ed adentro de la oficina nom\u00e1s, no salieron de la oficina, no fueron hacia el dep\u00f3sito, ni bajaron siquiera hasta el sal\u00f3n comercial, se manejaron ah\u00ed&#8221;.<\/strong><\/p>\n<p>&#8220;Cuando encontraron la\u00a0plata agarraron y evidentemente se fueron&#8221;, concluy\u00f3.<\/p>\n<p><strong>Tierra de nadie<\/strong><\/p>\n<p>Con estos dos casos resonantes irresueltos la sensaci\u00f3n que prima en la clase comerciante es la misma: Vera pas\u00f3 a ser tierra de nadie. La multiplicidad de robos, los modus operandi empleados, la falta de avances en las pesquisas sugieren esa realidad.<strong> La inseguridad golpea con fuerza a la ciudad cabecera del departamento Vera.\u00a0<\/strong><\/p>\n<p><strong>Otro dato para cerrar esta cr\u00f3nica, casi oficial:<\/strong> la relaci\u00f3n entre la PDI y la polic\u00eda preventiva parece rota, con canales cortados de colaboraci\u00f3n. Desde la &#8220;polic\u00eda de azul&#8221; que depende de la Unidad Regional XIX varias voces consultadas dieron cuenta de esta situaci\u00f3n, que no dudaron en atribuir al <strong>nivel de superioridad con que pretende manejarse la conducci\u00f3n de Investigaciones.\u00a0<\/strong><\/p>\n<figure id=\"attachment_59294\" aria-describedby=\"caption-attachment-59294\" style=\"width: 953px\" class=\"wp-caption aligncenter\"><a href=\"https:\/\/infovera.com.ar\/web\/wp-content\/uploads\/2025\/02\/sogas.png\"><img loading=\"lazy\" decoding=\"async\" class=\"size-full wp-image-59294\" src=\"https:\/\/infovera.com.ar\/web\/wp-content\/uploads\/2025\/02\/sogas.png\" alt=\"\" width=\"953\" height=\"906\" srcset=\"https:\/\/infovera.com.ar\/web\/wp-content\/uploads\/2025\/02\/sogas.png 953w, https:\/\/infovera.com.ar\/web\/wp-content\/uploads\/2025\/02\/sogas-696x662.png 696w, https:\/\/infovera.com.ar\/web\/wp-content\/uploads\/2025\/02\/sogas-442x420.png 442w\" sizes=\"auto, (max-width: 953px) 100vw, 953px\" \/><\/a><figcaption id=\"caption-attachment-59294\" class=\"wp-caption-text\">En Educom, colgaron una soga, que es un cable de electricidad, un cable bipolar de electricidad, junto con una soga, los dos a la par, le fueron haciendo nudos cada 40 a 50 cent\u00edmetros para poder agarrarse de esos nudos y descender.<\/figcaption><\/figure>\n<\/div>\n<div><\/div>\n<\/div>\n<\/div>\n","protected":false},"excerpt":{"rendered":"<p>Dato oficial. La Unidad Fiscal de Vera aun no recibi\u00f3 los legajos -las investigaciones- de dos hechos contra la propiedad que sacudieron a la comunidad verense. \u00bfQu\u00e9 significa? Que la PDI y el organismo a cargo de la persecuci\u00f3n penal del MPA no pudieron determinar qui\u00e9nes fueron los autores de &#8220;escruches&#8221; -forma de robo en [&hellip;]<\/p>\n","protected":false},"author":3,"featured_media":59296,"comment_status":"closed","ping_status":"closed","sticky":false,"template":"","format":"standard","meta":{"_joinchat":[],"footnotes":""},"categories":[30,53],"tags":[],"class_list":{"0":"post-59292","1":"post","2":"type-post","3":"status-publish","4":"format-standard","5":"has-post-thumbnail","7":"category-policiales","8":"category-vera"},"_links":{"self":[{"href":"https:\/\/infovera.com.ar\/web\/wp-json\/wp\/v2\/posts\/59292","targetHints":{"allow":["GET"]}}],"collection":[{"href":"https:\/\/infovera.com.ar\/web\/wp-json\/wp\/v2\/posts"}],"about":[{"href":"https:\/\/infovera.com.ar\/web\/wp-json\/wp\/v2\/types\/post"}],"author":[{"embeddable":true,"href":"https:\/\/infovera.com.ar\/web\/wp-json\/wp\/v2\/users\/3"}],"replies":[{"embeddable":true,"href":"https:\/\/infovera.com.ar\/web\/wp-json\/wp\/v2\/comments?post=59292"}],"version-history":[{"count":0,"href":"https:\/\/infovera.com.ar\/web\/wp-json\/wp\/v2\/posts\/59292\/revisions"}],"wp:featuredmedia":[{"embeddable":true,"href":"https:\/\/infovera.com.ar\/web\/wp-json\/wp\/v2\/media\/59296"}],"wp:attachment":[{"href":"https:\/\/infovera.com.ar\/web\/wp-json\/wp\/v2\/media?parent=59292"}],"wp:term":[{"taxonomy":"category","embeddable":true,"href":"https:\/\/infovera.com.ar\/web\/wp-json\/wp\/v2\/categories?post=59292"},{"taxonomy":"post_tag","embeddable":true,"href":"https:\/\/infovera.com.ar\/web\/wp-json\/wp\/v2\/tags?post=59292"}],"curies":[{"name":"wp","href":"https:\/\/api.w.org\/{rel}","templated":true}]}}