{"id":59286,"date":"2025-02-24T21:41:36","date_gmt":"2025-02-25T00:41:36","guid":{"rendered":"https:\/\/infovera.com.ar\/web\/?p=59286"},"modified":"2025-02-26T00:06:34","modified_gmt":"2025-02-26T03:06:34","slug":"loa-docentes-coparon-el-centro-de-vera","status":"publish","type":"post","link":"https:\/\/infovera.com.ar\/web\/2025\/02\/24\/loa-docentes-coparon-el-centro-de-vera\/","title":{"rendered":"Loa docentes coparon el centro de Vera"},"content":{"rendered":"<p>Docentes nucleados en AMSAFE y SADOP salieron a la calle en la tarde de hoy para manifestarse con una volanteada en el centro de la ciudad de Vera.<\/p>\n<p>La movida estuvo encabezada por las delegadas Nelcy Suligoy y Ver\u00f3nica Blanco, respectivamente, quienes coincidieron en rechazar las expresiones del gobernador Pullaro en cuanto a que los maestros est\u00e1n con el gobierno y por eso las escuelas trabajaron.<\/p>\n<p>\u201cEs totalmente falso porque los docentes tuvieron que ir a trabajar por miedo a los descuentos y a las represalias como nunca antes con otros gobiernos\u201d, dijeron.<\/p>\n<p>Nelcy Suligoy lament\u00f3 estar \u201cviviendo una situaci\u00f3n totalmente in\u00e9dita, con un aumento irrisorio, con descuento del d\u00eda de paro m\u00e1s el presentismo que repercute muy fuerte en el bolsillo de los maestros, con el agravante de que los jubilados reciben el incremento 60 d\u00edas despu\u00e9s, con el deterioro del poder adquisitivo que eso significa\u201d.<\/p>\n<p>Por su parte, Ver\u00f3nica Blanco asegur\u00f3 que \u201clos maestros fueron a trabajar por miedo, ante una situaci\u00f3n que nunca hemos vivido con esta magnitud y est\u00e1 muy claro que la decisi\u00f3n del paro fue votada por los propios maestros, es una decisi\u00f3n absolutamente democr\u00e1tica que el gobierno deber\u00eda respetar porque hace al funcionamiento interno del gremio\u201d.<\/p>\n<p>En un momento, el senador Osvaldo Sosa, cuyas oficinas est\u00e1n a pocos metros de la concentraci\u00f3n, se acerc\u00f3 a dialogar con los manifestantes, acompa\u00f1ado por Claudio \u201cTaca\u201d Bieler.<\/p>\n<p>Cabe recordar que el legislador fue el \u00fanico del norte que vot\u00f3 en contra de la reforma de la Caja de Jubilaciones que tantos derechos hizo perder a la administraci\u00f3n y muy especialmente a los docentes.<\/p>\n<p>Letyana Press<\/p>\n","protected":false},"excerpt":{"rendered":"<p>Docentes nucleados en AMSAFE y SADOP salieron a la calle en la tarde de hoy para manifestarse con una volanteada en el centro de la ciudad de Vera. La movida estuvo encabezada por las delegadas Nelcy Suligoy y Ver\u00f3nica Blanco, respectivamente, quienes coincidieron en rechazar las expresiones del gobernador Pullaro en cuanto a que los [&hellip;]<\/p>\n","protected":false},"author":3,"featured_media":59287,"comment_status":"closed","ping_status":"closed","sticky":false,"template":"","format":"standard","meta":{"_joinchat":[],"footnotes":""},"categories":[53],"tags":[],"class_list":{"0":"post-59286","1":"post","2":"type-post","3":"status-publish","4":"format-standard","5":"has-post-thumbnail","7":"category-vera"},"_links":{"self":[{"href":"https:\/\/infovera.com.ar\/web\/wp-json\/wp\/v2\/posts\/59286","targetHints":{"allow":["GET"]}}],"collection":[{"href":"https:\/\/infovera.com.ar\/web\/wp-json\/wp\/v2\/posts"}],"about":[{"href":"https:\/\/infovera.com.ar\/web\/wp-json\/wp\/v2\/types\/post"}],"author":[{"embeddable":true,"href":"https:\/\/infovera.com.ar\/web\/wp-json\/wp\/v2\/users\/3"}],"replies":[{"embeddable":true,"href":"https:\/\/infovera.com.ar\/web\/wp-json\/wp\/v2\/comments?post=59286"}],"version-history":[{"count":0,"href":"https:\/\/infovera.com.ar\/web\/wp-json\/wp\/v2\/posts\/59286\/revisions"}],"wp:featuredmedia":[{"embeddable":true,"href":"https:\/\/infovera.com.ar\/web\/wp-json\/wp\/v2\/media\/59287"}],"wp:attachment":[{"href":"https:\/\/infovera.com.ar\/web\/wp-json\/wp\/v2\/media?parent=59286"}],"wp:term":[{"taxonomy":"category","embeddable":true,"href":"https:\/\/infovera.com.ar\/web\/wp-json\/wp\/v2\/categories?post=59286"},{"taxonomy":"post_tag","embeddable":true,"href":"https:\/\/infovera.com.ar\/web\/wp-json\/wp\/v2\/tags?post=59286"}],"curies":[{"name":"wp","href":"https:\/\/api.w.org\/{rel}","templated":true}]}}