{"id":59262,"date":"2025-02-24T10:15:54","date_gmt":"2025-02-24T13:15:54","guid":{"rendered":"https:\/\/infovera.com.ar\/web\/?p=59262"},"modified":"2025-02-24T14:01:31","modified_gmt":"2025-02-24T17:01:31","slug":"nuevo-record-historico-de-demanda-para-un-domingo-en-la-provincia-de-santa-fe","status":"publish","type":"post","link":"https:\/\/infovera.com.ar\/web\/2025\/02\/24\/nuevo-record-historico-de-demanda-para-un-domingo-en-la-provincia-de-santa-fe\/","title":{"rendered":"Nuevo r\u00e9cord hist\u00f3rico de demanda para un domingo en la provincia de Santa Fe"},"content":{"rendered":"<p>A las 23.25 de ayer se alcanzaron los 2.306,75 megavatios, superando as\u00ed la marca del pasado 10 de febrero, de 2.276,02 MW., se indic\u00f3 desde la EPE<\/p>\n<p>En el marco de una ola de calor que afecta a gran parte de Santa Fe, la Empresa Provincial de la Energ\u00eda inform\u00f3 que ayer, a las 23.25, se registr\u00f3 un nuevo r\u00e9cord hist\u00f3rico de demanda de potencia en el sistema el\u00e9ctrico santafesino para un d\u00eda domingo. Con un registro de 2306.75 megavatios se super\u00f3 la marca del pasado 10 de febrero, de 2.276,02 MW.<\/p>\n<p>Esta demanda se da en un contexto de altas temperaturas que afectan a la regi\u00f3n. Seg\u00fan datos del Servicio Meteorol\u00f3gico Nacional, Argentina est\u00e1 atravesando una nueva ola de calor estival, con temperaturas mayores a los 40\u00b0. En la provincia, varias localidades tuvieron sensaciones t\u00e9rmicas que superaron los 50\u00b0.<\/p>\n<p>La EPE recuerda las v\u00edas de comunicaci\u00f3n para dejar reclamos t\u00e9cnicos: 0800 777 4444, whatsapp al 342 5101000, chatbot de Facebook o Instagram \/epeoficial, oficina virtual y la web www.epe.santafe.gov.ar.<\/p>\n<p>\u00bfQu\u00e9 es una ola de calor?<\/p>\n<p>Una ola de calor se define como un per\u00edodo excesivamente c\u00e1lido en el cual las temperaturas m\u00e1ximas y m\u00ednimas superan, por lo menos durante 3 d\u00edas consecutivos y en forma simult\u00e1nea, ciertos valores que dependen de cada localidad.<br \/>\nA trav\u00e9s del sistema de alertas tempranas por olas de calor y salud del Servicio Meteorol\u00f3gico Nacional se procura anticipar a la poblaci\u00f3n, con la mayor antelaci\u00f3n posible, situaciones meteorol\u00f3gicas extremas y sus posibles efectos en la salud.<\/p>\n<p>Consejos de la EPE para bajar el consumo<\/p>\n<p>Desde la EPE se recordaron adem\u00e1s los consejos para moderar el consumo de energ\u00eda:<\/p>\n<p>* Usar los equipos de aire acondicionado a no menos de 24\u00b0. Cada grado por debajo de esa marca, produce un consumo mayor de electricidad, de entre 5 y 10 %.<br \/>\n* Limpiar peri\u00f3dicamente los filtros de los equipos acondicionadores de aire y vigilar el mantenimiento del mismo.<br \/>\n* Mantener cerradas las aberturas de los ambientes con aire acondicionado y evitar fugas que deriven en un derroche de energ\u00eda y, por lo tanto, de consumo.<br \/>\n* Utilizar l\u00e1mparas de bajo consumo.<br \/>\n* Reducir consumos ociosos de electricidad (luces y electrodom\u00e9sticos encendidos a solas, sin que ning\u00fan miembro del hogar los est\u00e9 utilizando, vidrieras durante el d\u00eda o fuera del horario comercial, burletes de heladeras defectuosos, etc.)<br \/>\n* No dejar los artefactos del hogar en stand by (estado suspendido) porque as\u00ed tambi\u00e9n consumen electricidad innecesariamente.<br \/>\n* Tener en cuenta el etiquetado de eficiencia energ\u00e9tica de aires acondicionados, heladeras y lavarropas al momento de adquirirlos. Las m\u00e1s eficientes son de clase A. A mejor clase, menor consumo.<\/p>\n","protected":false},"excerpt":{"rendered":"<p>A las 23.25 de ayer se alcanzaron los 2.306,75 megavatios, superando as\u00ed la marca del pasado 10 de febrero, de 2.276,02 MW., se indic\u00f3 desde la EPE En el marco de una ola de calor que afecta a gran parte de Santa Fe, la Empresa Provincial de la Energ\u00eda inform\u00f3 que ayer, a las 23.25, [&hellip;]<\/p>\n","protected":false},"author":3,"featured_media":30456,"comment_status":"closed","ping_status":"closed","sticky":false,"template":"","format":"standard","meta":{"_joinchat":[],"footnotes":""},"categories":[60],"tags":[],"class_list":{"0":"post-59262","1":"post","2":"type-post","3":"status-publish","4":"format-standard","5":"has-post-thumbnail","7":"category-provinciales"},"_links":{"self":[{"href":"https:\/\/infovera.com.ar\/web\/wp-json\/wp\/v2\/posts\/59262","targetHints":{"allow":["GET"]}}],"collection":[{"href":"https:\/\/infovera.com.ar\/web\/wp-json\/wp\/v2\/posts"}],"about":[{"href":"https:\/\/infovera.com.ar\/web\/wp-json\/wp\/v2\/types\/post"}],"author":[{"embeddable":true,"href":"https:\/\/infovera.com.ar\/web\/wp-json\/wp\/v2\/users\/3"}],"replies":[{"embeddable":true,"href":"https:\/\/infovera.com.ar\/web\/wp-json\/wp\/v2\/comments?post=59262"}],"version-history":[{"count":0,"href":"https:\/\/infovera.com.ar\/web\/wp-json\/wp\/v2\/posts\/59262\/revisions"}],"wp:featuredmedia":[{"embeddable":true,"href":"https:\/\/infovera.com.ar\/web\/wp-json\/wp\/v2\/media\/30456"}],"wp:attachment":[{"href":"https:\/\/infovera.com.ar\/web\/wp-json\/wp\/v2\/media?parent=59262"}],"wp:term":[{"taxonomy":"category","embeddable":true,"href":"https:\/\/infovera.com.ar\/web\/wp-json\/wp\/v2\/categories?post=59262"},{"taxonomy":"post_tag","embeddable":true,"href":"https:\/\/infovera.com.ar\/web\/wp-json\/wp\/v2\/tags?post=59262"}],"curies":[{"name":"wp","href":"https:\/\/api.w.org\/{rel}","templated":true}]}}