{"id":59259,"date":"2025-02-23T22:00:51","date_gmt":"2025-02-24T01:00:51","guid":{"rendered":"https:\/\/infovera.com.ar\/web\/?p=59259"},"modified":"2025-02-23T22:00:51","modified_gmt":"2025-02-24T01:00:51","slug":"michlig-encabezo-una-reunion-multisectorial-por-la-prolongada-sequia","status":"publish","type":"post","link":"https:\/\/infovera.com.ar\/web\/2025\/02\/23\/michlig-encabezo-una-reunion-multisectorial-por-la-prolongada-sequia\/","title":{"rendered":"Michlig encabez\u00f3 una reuni\u00f3n multisectorial por la prolongada sequ\u00eda"},"content":{"rendered":"<p>En el marco de la declaraci\u00f3n de zona de \u201cemergencia y\/o desastre agropecuario\u201d se gestionan nuevas respuestas para paliar la compleja situaci\u00f3n agropecuaria\u201d.<\/p>\n<p>Este viernes por la tarde-noche, en la ciudad de San Guillermo, el senador provincial Felipe Michlig, junto al diputado Marcelo Gonz\u00e1lez, la intendente Romina L\u00f3pez, el secretario de Ganader\u00eda de la provincia, Ignacio M\u00e1ntaras; dem\u00e1s autoridades regionales y provinciales, participaron de un encuentro con representantes de entidades rurales, asociaciones para el desarrollo, instituciones intermedias, centros comerciales y productores del departamento San Crist\u00f3bal, con el objetivo de analizar la compleja situaci\u00f3n que atraviesa la regi\u00f3n a causa de la prolongada segu\u00eda.<\/p>\n<p>\u201cEl sector productivo enfrenta una de las crisis m\u00e1s severas de los \u00faltimos a\u00f1os.\u00a0Es fundamental que el Estado\u00a0ofrezca respuestas concretas y r\u00e1pidas\u00a0para mitigar los efectos de la sequ\u00eda y evitar mayores p\u00e9rdidas.\u00a0Continuaremos trabajando incansablemente para garantizar que los recursos necesarios lleguen a cada productor afectado\u201d,\u00a0afirm\u00f3 el senador Michlig.<\/p>\n<p>Durante el encuentro desarrollado en las instalaciones de la Cooperativa Tambera Central Unida Ltda. de San Guillermo, tambi\u00e9n se destac\u00f3 la presencia del Pte. de Coninagro Nacional\u00a0Lucas Magnano; el Pte. de la Cooperativa anfitriona\u00a0Rub\u00e9n Fagiano; el Pte. de Meprolsafe Roberto Perracino; el intendente\u00a0Hugo Boscarol (Suardi), los Ptes. Comunales de Capivara, Colonia 2 Rosas, La Legua, Palacios, Ambrosetti, La Cabral, y Monte Oscuridad, concejales de la regi\u00f3n, entre otros.<\/p>\n<p><strong>\u201cTenemos un Gobierno Provincial que escucha y acompa\u00f1a\u201d<\/strong><\/p>\n<p>En su introducci\u00f3n, el senador Michlig indic\u00f3 que &#8220;el motivo de est\u00e1 masiva reuni\u00f3n intersectorial tiene que ver con la dif\u00edcil situaci\u00f3n que se atraviesa por la extensa sequ\u00eda en toda la regi\u00f3n, que mereci\u00f3 en su momento la presentaci\u00f3n de un proyecto de parte de Marcelo Gonz\u00e1lez y m\u00eda para que el departamento San Crist\u00f3bal sea declarado en emergencia, lo cual se logr\u00f3 oportunamente y se homolog\u00f3 por Naci\u00f3n&#8221;.<\/p>\n<p>&#8220;Ahora estamos solicitando la declaraci\u00f3n de \u2018desastre agropecuario\u2019 (lo cual si es avalado por la Comisi\u00f3n de Emergencia, luego se sustancia con un decreto del Gobernador) y tambi\u00e9n esperamos que r\u00e1pidamente se homologue por el Estado Nacional para agilizar tr\u00e1mites de beneficios impositivos, ayudas crediticias, asistencia financiera, y dem\u00e1s medidas que permitan acompa\u00f1ar a los sectores damnificados\u201d.<\/p>\n<p>\u201cFundamentalmente quer\u00edamos en esta oportunidad,\u00a0recepcionar sus inquietudes, intercambiar opiniones, analizar todo lo que se vino haciendo de parte de cada sector y optimizar medidas para paliar este dif\u00edcil presente,\u00a0a fin de que todo pueda ser\u00a0evaluado en la runi\u00f3n de la Comisi\u00f3n de Emergencia Agropecuaria, la pr\u00f3xima semana, que es el lugar en donde se tratan todos estos temas\u201d.<\/p>\n<p>\u201cHay algo que es muy importante, que tenemos un Gobierno Provincial que escucha y acompa\u00f1a y siempre est\u00e1 prest\u00f3 a dar las mejores soluciones posibles, por eso es necesario articularlas de la mejor manera\u201d, contextualiz\u00f3 el senador Felipe Michlig.<\/p>\n<p><strong>Necesidades emergentes por la sequ\u00eda<\/strong><\/p>\n<p>Los distintos representantes de los sectores de la producci\u00f3n\u00a0agradecieron la convocatoria del senador y la presencia de funcionarios provinciales, a la vez que expresaron \u201cla urgente necesidad de intensificar la asistencia en la compra de alimentos destinados al ganado, para mantener en pie la cadena productiva de la carne y la leche\u201d.<\/p>\n<p>Por otra parte, se subray\u00f3 la necesidad de adoptar medidas adicionales \u201cpara garantizar el acceso al agua\u201d, dada la escasez del vital elemento en toda la regi\u00f3n. Asimismo, se resalt\u00f3 \u0301 \u201cla necesidad de un mayor financiamiento acorde a la magnitud de la crisis, para poder sobrellevar la situaci\u00f3n\u201d. &#8220;Es indispensable la celeridad de las acciones porque cada d\u00eda que pasa sin lluvia los da\u00f1os se van multiplicando&#8221;.<\/p>\n<p><strong>Reuni\u00f3n de la Comisi\u00f3n de Emergencia Agropecuaria<\/strong><\/p>\n<p>Luego de escuchadas todas las posiciones, las autoridades provinciales presentes se comprometieron a trasladar los reclamos al gobierno provincial y nacional, en el marco de la reuni\u00f3n de la Comisi\u00f3n de Emergencia Agropecuaria.<\/p>\n<p>En tal sentido Ignacio M\u00e1ntaras confirm\u00f3 que &#8220;el pr\u00f3ximo martes se reunir\u00e1 la comisi\u00f3n de emergencia y desastre en la ciudad de Santa Fe, en donde repasaremos lo actuado hasta aqu\u00ed y evaluaremos el panorama general, que claramente es m\u00e1s complejo a futuro en algunas regiones como en este departamento, y la eventual declaraci\u00f3n de desastre. El a\u00f1o pasado r\u00e1pidamente se declar\u00f3 la emergencia en la provincia, y tambi\u00e9n r\u00e1pidamente pudimos avanzar con la homologaci\u00f3n de Naci\u00f3n para lograr los beneficios que explicaba el Senador, aunque tambi\u00e9n coincidimos que nunca es suficiente, si no llueve lo esperado&#8221;.<\/p>\n","protected":false},"excerpt":{"rendered":"<p>En el marco de la declaraci\u00f3n de zona de \u201cemergencia y\/o desastre agropecuario\u201d se gestionan nuevas respuestas para paliar la compleja situaci\u00f3n agropecuaria\u201d. Este viernes por la tarde-noche, en la ciudad de San Guillermo, el senador provincial Felipe Michlig, junto al diputado Marcelo Gonz\u00e1lez, la intendente Romina L\u00f3pez, el secretario de Ganader\u00eda de la provincia, [&hellip;]<\/p>\n","protected":false},"author":3,"featured_media":59260,"comment_status":"closed","ping_status":"closed","sticky":false,"template":"","format":"standard","meta":{"_joinchat":[],"footnotes":""},"categories":[61],"tags":[],"class_list":{"0":"post-59259","1":"post","2":"type-post","3":"status-publish","4":"format-standard","5":"has-post-thumbnail","7":"category-regionales"},"_links":{"self":[{"href":"https:\/\/infovera.com.ar\/web\/wp-json\/wp\/v2\/posts\/59259","targetHints":{"allow":["GET"]}}],"collection":[{"href":"https:\/\/infovera.com.ar\/web\/wp-json\/wp\/v2\/posts"}],"about":[{"href":"https:\/\/infovera.com.ar\/web\/wp-json\/wp\/v2\/types\/post"}],"author":[{"embeddable":true,"href":"https:\/\/infovera.com.ar\/web\/wp-json\/wp\/v2\/users\/3"}],"replies":[{"embeddable":true,"href":"https:\/\/infovera.com.ar\/web\/wp-json\/wp\/v2\/comments?post=59259"}],"version-history":[{"count":0,"href":"https:\/\/infovera.com.ar\/web\/wp-json\/wp\/v2\/posts\/59259\/revisions"}],"wp:featuredmedia":[{"embeddable":true,"href":"https:\/\/infovera.com.ar\/web\/wp-json\/wp\/v2\/media\/59260"}],"wp:attachment":[{"href":"https:\/\/infovera.com.ar\/web\/wp-json\/wp\/v2\/media?parent=59259"}],"wp:term":[{"taxonomy":"category","embeddable":true,"href":"https:\/\/infovera.com.ar\/web\/wp-json\/wp\/v2\/categories?post=59259"},{"taxonomy":"post_tag","embeddable":true,"href":"https:\/\/infovera.com.ar\/web\/wp-json\/wp\/v2\/tags?post=59259"}],"curies":[{"name":"wp","href":"https:\/\/api.w.org\/{rel}","templated":true}]}}