{"id":59247,"date":"2025-02-23T21:34:09","date_gmt":"2025-02-24T00:34:09","guid":{"rendered":"https:\/\/infovera.com.ar\/web\/?p=59247"},"modified":"2025-02-23T21:34:24","modified_gmt":"2025-02-24T00:34:24","slug":"el-incomodo-encuentro-entre-granata-y-mitre","status":"publish","type":"post","link":"https:\/\/infovera.com.ar\/web\/2025\/02\/23\/el-incomodo-encuentro-entre-granata-y-mitre\/","title":{"rendered":"El inc\u00f3modo encuentro entre Granata y Mitre"},"content":{"rendered":"<p>La segunda noche de carnaval se ti\u00f1\u00f3 de pol\u00edtica con la visita de varios diputados provinciales, Dionisio Scarpin, Emiliano Peralta, Ariel Berm\u00fadez y Amalia Granata dieron el presente en la fiesta m\u00e1xima de la ciudad.<\/p>\n<p>Pero la nota de color es sin dudas el inc\u00f3modo encuentro entre Mitre, ac\u00e9rrima defensora de la gesti\u00f3n de Maximiliano Pullaro, gobernador de la provincia, y Amalia Granata, quien es extremadamente cr\u00edtica con el gobierno que conduce el mandatario radical.<\/p>\n<p>Los presentes pudieron notar c\u00f3mo Mitre transform\u00f3 su rostro (imagen que qued\u00f3 plasmada por los periodistas) cuando Granata se acerc\u00f3 a saludarla en el palco de autoridades, ya que no formaba parte del elenco invitado por la jefa de gobierno local.<\/p>\n<p>Este hecho qued\u00f3 en evidencia quiz\u00e1s porque Mitre no pudo evitar saludar a la blonda diputada -a quienes sus cercanos llaman Amelie-; pero pudo apreciarse en las fotos que la intendente cuid\u00f3 que su simpat\u00eda con la diputada no haya sido abundante, tal vez para evitar eso pudiera afectar la imagen que tienen los integrantes del gobierno de Pullaro para con ella en esta \u00e9poca de carrera electoral, donde las arcas p\u00fablicas se abren y expanden con obras para atraer votantes.<\/p>\n","protected":false},"excerpt":{"rendered":"<p>La segunda noche de carnaval se ti\u00f1\u00f3 de pol\u00edtica con la visita de varios diputados provinciales, Dionisio Scarpin, Emiliano Peralta, Ariel Berm\u00fadez y Amalia Granata dieron el presente en la fiesta m\u00e1xima de la ciudad. Pero la nota de color es sin dudas el inc\u00f3modo encuentro entre Mitre, ac\u00e9rrima defensora de la gesti\u00f3n de Maximiliano [&hellip;]<\/p>\n","protected":false},"author":3,"featured_media":59248,"comment_status":"closed","ping_status":"closed","sticky":false,"template":"","format":"standard","meta":{"_joinchat":[],"footnotes":""},"categories":[53],"tags":[],"class_list":{"0":"post-59247","1":"post","2":"type-post","3":"status-publish","4":"format-standard","5":"has-post-thumbnail","7":"category-vera"},"_links":{"self":[{"href":"https:\/\/infovera.com.ar\/web\/wp-json\/wp\/v2\/posts\/59247","targetHints":{"allow":["GET"]}}],"collection":[{"href":"https:\/\/infovera.com.ar\/web\/wp-json\/wp\/v2\/posts"}],"about":[{"href":"https:\/\/infovera.com.ar\/web\/wp-json\/wp\/v2\/types\/post"}],"author":[{"embeddable":true,"href":"https:\/\/infovera.com.ar\/web\/wp-json\/wp\/v2\/users\/3"}],"replies":[{"embeddable":true,"href":"https:\/\/infovera.com.ar\/web\/wp-json\/wp\/v2\/comments?post=59247"}],"version-history":[{"count":0,"href":"https:\/\/infovera.com.ar\/web\/wp-json\/wp\/v2\/posts\/59247\/revisions"}],"wp:featuredmedia":[{"embeddable":true,"href":"https:\/\/infovera.com.ar\/web\/wp-json\/wp\/v2\/media\/59248"}],"wp:attachment":[{"href":"https:\/\/infovera.com.ar\/web\/wp-json\/wp\/v2\/media?parent=59247"}],"wp:term":[{"taxonomy":"category","embeddable":true,"href":"https:\/\/infovera.com.ar\/web\/wp-json\/wp\/v2\/categories?post=59247"},{"taxonomy":"post_tag","embeddable":true,"href":"https:\/\/infovera.com.ar\/web\/wp-json\/wp\/v2\/tags?post=59247"}],"curies":[{"name":"wp","href":"https:\/\/api.w.org\/{rel}","templated":true}]}}