{"id":59241,"date":"2025-02-23T21:15:47","date_gmt":"2025-02-24T00:15:47","guid":{"rendered":"https:\/\/infovera.com.ar\/web\/?p=59241"},"modified":"2025-02-23T21:15:47","modified_gmt":"2025-02-24T00:15:47","slug":"la-provincia-remarco-que-este-lunes-comienzan-las-clases-en-toda-la-provincia-de-santa-fe","status":"publish","type":"post","link":"https:\/\/infovera.com.ar\/web\/2025\/02\/23\/la-provincia-remarco-que-este-lunes-comienzan-las-clases-en-toda-la-provincia-de-santa-fe\/","title":{"rendered":"La provincia remarc\u00f3 que este lunes comienzan las clases en toda la provincia de Santa Fe"},"content":{"rendered":"<p>\u201cSer\u00e1 un d\u00eda importante para las familias y para los ni\u00f1os y ni\u00f1as de la provincia. Vamos a tener clases de manera regular y vamos a garantizar que todas las escuelas est\u00e9n abiertas\u201d, asegur\u00f3 el ministro de Educaci\u00f3n, Jos\u00e9 Goity.<\/p>\n<p>Este lunes 24 de febrero, en todas las escuelas del territorio provincial se dar\u00e1 inicio al ciclo lectivo 2025. En ese contexto, el ministro de Educaci\u00f3n, Jos\u00e9 Goity sostuvo que \u201cser\u00e1 un d\u00eda importante para las familias y para los ni\u00f1os y ni\u00f1as de la provincia de Santa Fe y habr\u00e1 clases de manera regular y vamos garantizar que todas las escuelas est\u00e9n abiertas\u201d.<\/p>\n<p>Goity, tambi\u00e9n agreg\u00f3 que \u201cel inicio de clases tiene una gran importancia y nuestra responsabilidad como Gobierno es que los establecimientos educativos est\u00e9n abiertos y van a estar abiertos, y van a estar recibiendo a los ni\u00f1os y las ni\u00f1as. Nuestra prioridad es que los chicos est\u00e9n en las escuelas aprendiendo\u201d.<\/p>\n<p>Goity, adem\u00e1s, afirm\u00f3 que \u201crecorremos permanentemente las escuelas y estamos recuperando la fe y la confianza en el sistema educativo; estamos volviendo a poner la educaci\u00f3n en el centro de la escena reconociendo al que trabaja y manteniendo pol\u00edticas publicas consistentes y sostenidas en el tiempo\u201d, apunt\u00f3 el ministro, para a\u00f1adir que \u201ces importante iniciar el ciclo lectivo porque es necesario para los chicos y para la mayor\u00eda de los docentes que necesitan y quieren trabajar\u201d.<\/p>\n<p>Para finalizar, el titular de la cartera educativa asever\u00f3 que \u201ces momento de empezar a hacer las cosas distintas en educaci\u00f3n, porque si hace tantos a\u00f1os que tenemos problemas y malos resultados en educaci\u00f3n que queremos revertir, probablemente esto sea parte de empezar a hacer las cosas de otra manera\u201d.<\/p>\n","protected":false},"excerpt":{"rendered":"<p>\u201cSer\u00e1 un d\u00eda importante para las familias y para los ni\u00f1os y ni\u00f1as de la provincia. Vamos a tener clases de manera regular y vamos a garantizar que todas las escuelas est\u00e9n abiertas\u201d, asegur\u00f3 el ministro de Educaci\u00f3n, Jos\u00e9 Goity. Este lunes 24 de febrero, en todas las escuelas del territorio provincial se dar\u00e1 inicio [&hellip;]<\/p>\n","protected":false},"author":3,"featured_media":59242,"comment_status":"closed","ping_status":"closed","sticky":false,"template":"","format":"standard","meta":{"_joinchat":[],"footnotes":""},"categories":[60],"tags":[],"class_list":{"0":"post-59241","1":"post","2":"type-post","3":"status-publish","4":"format-standard","5":"has-post-thumbnail","7":"category-provinciales"},"_links":{"self":[{"href":"https:\/\/infovera.com.ar\/web\/wp-json\/wp\/v2\/posts\/59241","targetHints":{"allow":["GET"]}}],"collection":[{"href":"https:\/\/infovera.com.ar\/web\/wp-json\/wp\/v2\/posts"}],"about":[{"href":"https:\/\/infovera.com.ar\/web\/wp-json\/wp\/v2\/types\/post"}],"author":[{"embeddable":true,"href":"https:\/\/infovera.com.ar\/web\/wp-json\/wp\/v2\/users\/3"}],"replies":[{"embeddable":true,"href":"https:\/\/infovera.com.ar\/web\/wp-json\/wp\/v2\/comments?post=59241"}],"version-history":[{"count":0,"href":"https:\/\/infovera.com.ar\/web\/wp-json\/wp\/v2\/posts\/59241\/revisions"}],"wp:featuredmedia":[{"embeddable":true,"href":"https:\/\/infovera.com.ar\/web\/wp-json\/wp\/v2\/media\/59242"}],"wp:attachment":[{"href":"https:\/\/infovera.com.ar\/web\/wp-json\/wp\/v2\/media?parent=59241"}],"wp:term":[{"taxonomy":"category","embeddable":true,"href":"https:\/\/infovera.com.ar\/web\/wp-json\/wp\/v2\/categories?post=59241"},{"taxonomy":"post_tag","embeddable":true,"href":"https:\/\/infovera.com.ar\/web\/wp-json\/wp\/v2\/tags?post=59241"}],"curies":[{"name":"wp","href":"https:\/\/api.w.org\/{rel}","templated":true}]}}