{"id":59238,"date":"2025-02-23T19:30:11","date_gmt":"2025-02-23T22:30:11","guid":{"rendered":"https:\/\/infovera.com.ar\/web\/?p=59238"},"modified":"2025-02-24T10:16:35","modified_gmt":"2025-02-24T13:16:35","slug":"docentes-de-gestion-publica-y-privada-deberan-completar-la-declaracion-jurada-de-prestacion-de-servicio-por-el-lunes-24-de-febrero","status":"publish","type":"post","link":"https:\/\/infovera.com.ar\/web\/2025\/02\/23\/docentes-de-gestion-publica-y-privada-deberan-completar-la-declaracion-jurada-de-prestacion-de-servicio-por-el-lunes-24-de-febrero\/","title":{"rendered":"Docentes deber\u00e1n completar la Declaraci\u00f3n Jurada de Prestaci\u00f3n de Servicio por el lunes 24 de febrero"},"content":{"rendered":"<p>Debe ser completada por todo el personal, sin importar los d\u00edas y horarios en los que efectivamente preste servicios (es decir, aunque no deba dictar clases ese d\u00eda). En el caso de los agentes que no presenten la declaraci\u00f3n jurada se presumir\u00e1 que no prest\u00f3 servicios.<\/p>\n<p>Desde el lunes 24 hasta el mi\u00e9rcoles 26 de febrero inclusive, los docentes de gesti\u00f3n p\u00fablica y privada que no adhieran a la medida de fuerza convocada por los gremios nacionales y apoyada por gremios provinciales, prevista para el lunes 24 de febrero, deber\u00e1n completar la Declaraci\u00f3n Jurada de Prestaci\u00f3n de Servicios.<\/p>\n<p>Dicha declaraci\u00f3n debe ser completada por todo el personal, sin importar los d\u00edas y horarios en los que efectivamente preste servicios (es decir, aunque no deba dictar clases ese d\u00eda). En el caso de los agentes que no presenten la declaraci\u00f3n jurada se presumir\u00e1 que no prest\u00f3 servicios.<\/p>\n<p>Para completarla deber\u00e1n ingresar en el sistema Mi Legajo, luego acceder a la funci\u00f3n Relevamientos, y seleccionar finalmente la opci\u00f3n Declaraci\u00f3n Jurada.<\/p>\n<p>Se recuerda la responsabilidad de los equipos directivos de garantizar que las instituciones educativas est\u00e9n abiertas, de acuerdo a la normativa vigente.<\/p>\n","protected":false},"excerpt":{"rendered":"<p>Debe ser completada por todo el personal, sin importar los d\u00edas y horarios en los que efectivamente preste servicios (es decir, aunque no deba dictar clases ese d\u00eda). En el caso de los agentes que no presenten la declaraci\u00f3n jurada se presumir\u00e1 que no prest\u00f3 servicios. Desde el lunes 24 hasta el mi\u00e9rcoles 26 de [&hellip;]<\/p>\n","protected":false},"author":3,"featured_media":59239,"comment_status":"closed","ping_status":"closed","sticky":false,"template":"","format":"standard","meta":{"_joinchat":[],"footnotes":""},"categories":[60],"tags":[],"class_list":{"0":"post-59238","1":"post","2":"type-post","3":"status-publish","4":"format-standard","5":"has-post-thumbnail","7":"category-provinciales"},"_links":{"self":[{"href":"https:\/\/infovera.com.ar\/web\/wp-json\/wp\/v2\/posts\/59238","targetHints":{"allow":["GET"]}}],"collection":[{"href":"https:\/\/infovera.com.ar\/web\/wp-json\/wp\/v2\/posts"}],"about":[{"href":"https:\/\/infovera.com.ar\/web\/wp-json\/wp\/v2\/types\/post"}],"author":[{"embeddable":true,"href":"https:\/\/infovera.com.ar\/web\/wp-json\/wp\/v2\/users\/3"}],"replies":[{"embeddable":true,"href":"https:\/\/infovera.com.ar\/web\/wp-json\/wp\/v2\/comments?post=59238"}],"version-history":[{"count":0,"href":"https:\/\/infovera.com.ar\/web\/wp-json\/wp\/v2\/posts\/59238\/revisions"}],"wp:featuredmedia":[{"embeddable":true,"href":"https:\/\/infovera.com.ar\/web\/wp-json\/wp\/v2\/media\/59239"}],"wp:attachment":[{"href":"https:\/\/infovera.com.ar\/web\/wp-json\/wp\/v2\/media?parent=59238"}],"wp:term":[{"taxonomy":"category","embeddable":true,"href":"https:\/\/infovera.com.ar\/web\/wp-json\/wp\/v2\/categories?post=59238"},{"taxonomy":"post_tag","embeddable":true,"href":"https:\/\/infovera.com.ar\/web\/wp-json\/wp\/v2\/tags?post=59238"}],"curies":[{"name":"wp","href":"https:\/\/api.w.org\/{rel}","templated":true}]}}