{"id":59232,"date":"2025-02-23T13:00:05","date_gmt":"2025-02-23T16:00:05","guid":{"rendered":"https:\/\/infovera.com.ar\/web\/?p=59232"},"modified":"2025-02-23T13:00:05","modified_gmt":"2025-02-23T16:00:05","slug":"un-atleta-se-descompenso-y-murio-en-el-triatlon-de-reconquista","status":"publish","type":"post","link":"https:\/\/infovera.com.ar\/web\/2025\/02\/23\/un-atleta-se-descompenso-y-murio-en-el-triatlon-de-reconquista\/","title":{"rendered":"Un atleta se descompens\u00f3 y muri\u00f3 en el Triatl\u00f3n de Reconquista"},"content":{"rendered":"<p>En medio de la competencia falleci\u00f3 el deportista Gustavo Aranda.<\/p>\n<p>Se descompens\u00f3 y muri\u00f3 a pesar de todos los esfuerzos para reanimarlo.<\/p>\n<p>\u00c1ngel Gustavo Aranda de 59 a\u00f1os perdi\u00f3 la vida este domingo mientras participaba del Triatl\u00f3n de Reconquista. Un colega suyo trat\u00f3 de asistirlo con primeros auxilios y RCP pero el intento fue infructuoso.<\/p>\n<p>Posteriormente fue asistido por personal del servicio de emergencia y trasladado al Hospital de Reconquista. Fuentes consultadas aseguran que lleg\u00f3 al nosocomio sin signos vitales. Inmediatamente comenzaron a sumarse los mensajes de dolor por parte de los competidores de la prueba.<\/p>\n","protected":false},"excerpt":{"rendered":"<p>En medio de la competencia falleci\u00f3 el deportista Gustavo Aranda. Se descompens\u00f3 y muri\u00f3 a pesar de todos los esfuerzos para reanimarlo. \u00c1ngel Gustavo Aranda de 59 a\u00f1os perdi\u00f3 la vida este domingo mientras participaba del Triatl\u00f3n de Reconquista. Un colega suyo trat\u00f3 de asistirlo con primeros auxilios y RCP pero el intento fue infructuoso. [&hellip;]<\/p>\n","protected":false},"author":3,"featured_media":59233,"comment_status":"closed","ping_status":"closed","sticky":false,"template":"","format":"standard","meta":{"_joinchat":[],"footnotes":""},"categories":[31,61],"tags":[],"class_list":{"0":"post-59232","1":"post","2":"type-post","3":"status-publish","4":"format-standard","5":"has-post-thumbnail","7":"category-deportes","8":"category-regionales"},"_links":{"self":[{"href":"https:\/\/infovera.com.ar\/web\/wp-json\/wp\/v2\/posts\/59232","targetHints":{"allow":["GET"]}}],"collection":[{"href":"https:\/\/infovera.com.ar\/web\/wp-json\/wp\/v2\/posts"}],"about":[{"href":"https:\/\/infovera.com.ar\/web\/wp-json\/wp\/v2\/types\/post"}],"author":[{"embeddable":true,"href":"https:\/\/infovera.com.ar\/web\/wp-json\/wp\/v2\/users\/3"}],"replies":[{"embeddable":true,"href":"https:\/\/infovera.com.ar\/web\/wp-json\/wp\/v2\/comments?post=59232"}],"version-history":[{"count":0,"href":"https:\/\/infovera.com.ar\/web\/wp-json\/wp\/v2\/posts\/59232\/revisions"}],"wp:featuredmedia":[{"embeddable":true,"href":"https:\/\/infovera.com.ar\/web\/wp-json\/wp\/v2\/media\/59233"}],"wp:attachment":[{"href":"https:\/\/infovera.com.ar\/web\/wp-json\/wp\/v2\/media?parent=59232"}],"wp:term":[{"taxonomy":"category","embeddable":true,"href":"https:\/\/infovera.com.ar\/web\/wp-json\/wp\/v2\/categories?post=59232"},{"taxonomy":"post_tag","embeddable":true,"href":"https:\/\/infovera.com.ar\/web\/wp-json\/wp\/v2\/tags?post=59232"}],"curies":[{"name":"wp","href":"https:\/\/api.w.org\/{rel}","templated":true}]}}