{"id":59230,"date":"2025-02-23T21:43:41","date_gmt":"2025-02-24T00:43:41","guid":{"rendered":"https:\/\/infovera.com.ar\/web\/?p=59230"},"modified":"2025-02-24T13:16:21","modified_gmt":"2025-02-24T16:16:21","slug":"la-gente-festejo-con-palmas-y-espuma-en-el-mejor-carnaval-del-norte","status":"publish","type":"post","link":"https:\/\/infovera.com.ar\/web\/2025\/02\/23\/la-gente-festejo-con-palmas-y-espuma-en-el-mejor-carnaval-del-norte\/","title":{"rendered":"La gente festej\u00f3 con palmas y espuma en el mejor Carnaval del norte"},"content":{"rendered":"<p>El cors\u00f3dromo verense explot\u00f3 de p\u00fablico en la gala del 22 de febrero.<\/p>\n<p>Un clima ideal permiti\u00f3 disfrutar a pleno de un show que comenz\u00f3 a las 21:30 y dur\u00f3 hasta pasadas las 5.<\/p>\n<p>Palmas, espuma y alegr\u00eda de la gente de Vera, la regi\u00f3n, la provincia y otras provincias enmarcaron el desfile de las 7 comparsas por la legendaria pista callejera en el mejor Carnaval del norte.<\/p>\n<p><a href=\"https:\/\/infovera.com.ar\/web\/wp-content\/uploads\/2025\/02\/es2.jpg\"><img loading=\"lazy\" decoding=\"async\" class=\"alignleft size-full wp-image-59251\" src=\"https:\/\/infovera.com.ar\/web\/wp-content\/uploads\/2025\/02\/es2.jpg\" alt=\"\" width=\"1600\" height=\"720\" srcset=\"https:\/\/infovera.com.ar\/web\/wp-content\/uploads\/2025\/02\/es2.jpg 1600w, https:\/\/infovera.com.ar\/web\/wp-content\/uploads\/2025\/02\/es2-696x313.jpg 696w, https:\/\/infovera.com.ar\/web\/wp-content\/uploads\/2025\/02\/es2-1068x481.jpg 1068w, https:\/\/infovera.com.ar\/web\/wp-content\/uploads\/2025\/02\/es2-933x420.jpg 933w\" sizes=\"auto, (max-width: 1600px) 100vw, 1600px\" \/><\/a> <a href=\"https:\/\/infovera.com.ar\/web\/wp-content\/uploads\/2025\/02\/es3.jpg\"><img loading=\"lazy\" decoding=\"async\" class=\"alignleft size-large wp-image-59252\" src=\"https:\/\/infovera.com.ar\/web\/wp-content\/uploads\/2025\/02\/es3.jpg\" alt=\"\" width=\"696\" height=\"313\" srcset=\"https:\/\/infovera.com.ar\/web\/wp-content\/uploads\/2025\/02\/es3.jpg 1600w, https:\/\/infovera.com.ar\/web\/wp-content\/uploads\/2025\/02\/es3-696x313.jpg 696w, https:\/\/infovera.com.ar\/web\/wp-content\/uploads\/2025\/02\/es3-1068x481.jpg 1068w, https:\/\/infovera.com.ar\/web\/wp-content\/uploads\/2025\/02\/es3-933x420.jpg 933w\" sizes=\"auto, (max-width: 696px) 100vw, 696px\" \/><\/a> <a href=\"https:\/\/infovera.com.ar\/web\/wp-content\/uploads\/2025\/02\/es4.jpg\"><img loading=\"lazy\" decoding=\"async\" class=\"alignleft size-large wp-image-59253\" src=\"https:\/\/infovera.com.ar\/web\/wp-content\/uploads\/2025\/02\/es4.jpg\" alt=\"\" width=\"696\" height=\"313\" srcset=\"https:\/\/infovera.com.ar\/web\/wp-content\/uploads\/2025\/02\/es4.jpg 1600w, https:\/\/infovera.com.ar\/web\/wp-content\/uploads\/2025\/02\/es4-696x313.jpg 696w, https:\/\/infovera.com.ar\/web\/wp-content\/uploads\/2025\/02\/es4-1068x481.jpg 1068w, https:\/\/infovera.com.ar\/web\/wp-content\/uploads\/2025\/02\/es4-933x420.jpg 933w\" sizes=\"auto, (max-width: 696px) 100vw, 696px\" \/><\/a> <a href=\"https:\/\/infovera.com.ar\/web\/wp-content\/uploads\/2025\/02\/es5.jpg\"><img loading=\"lazy\" decoding=\"async\" class=\"alignleft size-large wp-image-59254\" src=\"https:\/\/infovera.com.ar\/web\/wp-content\/uploads\/2025\/02\/es5.jpg\" alt=\"\" width=\"696\" height=\"313\" srcset=\"https:\/\/infovera.com.ar\/web\/wp-content\/uploads\/2025\/02\/es5.jpg 1600w, https:\/\/infovera.com.ar\/web\/wp-content\/uploads\/2025\/02\/es5-696x313.jpg 696w, https:\/\/infovera.com.ar\/web\/wp-content\/uploads\/2025\/02\/es5-1068x481.jpg 1068w, https:\/\/infovera.com.ar\/web\/wp-content\/uploads\/2025\/02\/es5-933x420.jpg 933w\" sizes=\"auto, (max-width: 696px) 100vw, 696px\" \/><\/a> <a href=\"https:\/\/infovera.com.ar\/web\/wp-content\/uploads\/2025\/02\/es6.jpg\"><img loading=\"lazy\" decoding=\"async\" class=\"alignleft size-large wp-image-59255\" src=\"https:\/\/infovera.com.ar\/web\/wp-content\/uploads\/2025\/02\/es6.jpg\" alt=\"\" width=\"696\" height=\"313\" srcset=\"https:\/\/infovera.com.ar\/web\/wp-content\/uploads\/2025\/02\/es6.jpg 1600w, https:\/\/infovera.com.ar\/web\/wp-content\/uploads\/2025\/02\/es6-696x313.jpg 696w, https:\/\/infovera.com.ar\/web\/wp-content\/uploads\/2025\/02\/es6-1068x481.jpg 1068w, https:\/\/infovera.com.ar\/web\/wp-content\/uploads\/2025\/02\/es6-933x420.jpg 933w\" sizes=\"auto, (max-width: 696px) 100vw, 696px\" \/><\/a><a href=\"https:\/\/infovera.com.ar\/web\/wp-content\/uploads\/2025\/02\/es3.jpg\"><img loading=\"lazy\" decoding=\"async\" class=\"alignleft size-full wp-image-59252\" src=\"https:\/\/infovera.com.ar\/web\/wp-content\/uploads\/2025\/02\/es3.jpg\" alt=\"\" width=\"1600\" height=\"720\" srcset=\"https:\/\/infovera.com.ar\/web\/wp-content\/uploads\/2025\/02\/es3.jpg 1600w, https:\/\/infovera.com.ar\/web\/wp-content\/uploads\/2025\/02\/es3-696x313.jpg 696w, https:\/\/infovera.com.ar\/web\/wp-content\/uploads\/2025\/02\/es3-1068x481.jpg 1068w, https:\/\/infovera.com.ar\/web\/wp-content\/uploads\/2025\/02\/es3-933x420.jpg 933w\" sizes=\"auto, (max-width: 1600px) 100vw, 1600px\" \/><\/a><a href=\"https:\/\/infovera.com.ar\/web\/wp-content\/uploads\/2025\/02\/es4.jpg\"><img loading=\"lazy\" decoding=\"async\" class=\"alignleft size-full wp-image-59253\" src=\"https:\/\/infovera.com.ar\/web\/wp-content\/uploads\/2025\/02\/es4.jpg\" alt=\"\" width=\"1600\" height=\"720\" srcset=\"https:\/\/infovera.com.ar\/web\/wp-content\/uploads\/2025\/02\/es4.jpg 1600w, https:\/\/infovera.com.ar\/web\/wp-content\/uploads\/2025\/02\/es4-696x313.jpg 696w, https:\/\/infovera.com.ar\/web\/wp-content\/uploads\/2025\/02\/es4-1068x481.jpg 1068w, https:\/\/infovera.com.ar\/web\/wp-content\/uploads\/2025\/02\/es4-933x420.jpg 933w\" sizes=\"auto, (max-width: 1600px) 100vw, 1600px\" \/><\/a><a href=\"https:\/\/infovera.com.ar\/web\/wp-content\/uploads\/2025\/02\/es5.jpg\"><img loading=\"lazy\" decoding=\"async\" class=\"alignleft size-full wp-image-59254\" src=\"https:\/\/infovera.com.ar\/web\/wp-content\/uploads\/2025\/02\/es5.jpg\" alt=\"\" width=\"1600\" height=\"720\" srcset=\"https:\/\/infovera.com.ar\/web\/wp-content\/uploads\/2025\/02\/es5.jpg 1600w, https:\/\/infovera.com.ar\/web\/wp-content\/uploads\/2025\/02\/es5-696x313.jpg 696w, https:\/\/infovera.com.ar\/web\/wp-content\/uploads\/2025\/02\/es5-1068x481.jpg 1068w, https:\/\/infovera.com.ar\/web\/wp-content\/uploads\/2025\/02\/es5-933x420.jpg 933w\" sizes=\"auto, (max-width: 1600px) 100vw, 1600px\" \/><\/a><a href=\"https:\/\/infovera.com.ar\/web\/wp-content\/uploads\/2025\/02\/es6.jpg\"><img loading=\"lazy\" decoding=\"async\" class=\"alignleft size-full wp-image-59255\" src=\"https:\/\/infovera.com.ar\/web\/wp-content\/uploads\/2025\/02\/es6.jpg\" alt=\"\" width=\"1600\" height=\"720\" srcset=\"https:\/\/infovera.com.ar\/web\/wp-content\/uploads\/2025\/02\/es6.jpg 1600w, https:\/\/infovera.com.ar\/web\/wp-content\/uploads\/2025\/02\/es6-696x313.jpg 696w, https:\/\/infovera.com.ar\/web\/wp-content\/uploads\/2025\/02\/es6-1068x481.jpg 1068w, https:\/\/infovera.com.ar\/web\/wp-content\/uploads\/2025\/02\/es6-933x420.jpg 933w\" sizes=\"auto, (max-width: 1600px) 100vw, 1600px\" \/><\/a><\/p>\n","protected":false},"excerpt":{"rendered":"<p>El cors\u00f3dromo verense explot\u00f3 de p\u00fablico en la gala del 22 de febrero. Un clima ideal permiti\u00f3 disfrutar a pleno de un show que comenz\u00f3 a las 21:30 y dur\u00f3 hasta pasadas las 5. Palmas, espuma y alegr\u00eda de la gente de Vera, la regi\u00f3n, la provincia y otras provincias enmarcaron el desfile de las [&hellip;]<\/p>\n","protected":false},"author":3,"featured_media":59250,"comment_status":"closed","ping_status":"closed","sticky":false,"template":"","format":"standard","meta":{"_joinchat":[],"footnotes":""},"categories":[40,36,53],"tags":[],"class_list":{"0":"post-59230","1":"post","2":"type-post","3":"status-publish","4":"format-standard","5":"has-post-thumbnail","7":"category-cultura","8":"category-sociedad","9":"category-vera"},"_links":{"self":[{"href":"https:\/\/infovera.com.ar\/web\/wp-json\/wp\/v2\/posts\/59230","targetHints":{"allow":["GET"]}}],"collection":[{"href":"https:\/\/infovera.com.ar\/web\/wp-json\/wp\/v2\/posts"}],"about":[{"href":"https:\/\/infovera.com.ar\/web\/wp-json\/wp\/v2\/types\/post"}],"author":[{"embeddable":true,"href":"https:\/\/infovera.com.ar\/web\/wp-json\/wp\/v2\/users\/3"}],"replies":[{"embeddable":true,"href":"https:\/\/infovera.com.ar\/web\/wp-json\/wp\/v2\/comments?post=59230"}],"version-history":[{"count":0,"href":"https:\/\/infovera.com.ar\/web\/wp-json\/wp\/v2\/posts\/59230\/revisions"}],"wp:featuredmedia":[{"embeddable":true,"href":"https:\/\/infovera.com.ar\/web\/wp-json\/wp\/v2\/media\/59250"}],"wp:attachment":[{"href":"https:\/\/infovera.com.ar\/web\/wp-json\/wp\/v2\/media?parent=59230"}],"wp:term":[{"taxonomy":"category","embeddable":true,"href":"https:\/\/infovera.com.ar\/web\/wp-json\/wp\/v2\/categories?post=59230"},{"taxonomy":"post_tag","embeddable":true,"href":"https:\/\/infovera.com.ar\/web\/wp-json\/wp\/v2\/tags?post=59230"}],"curies":[{"name":"wp","href":"https:\/\/api.w.org\/{rel}","templated":true}]}}