{"id":59227,"date":"2025-02-23T12:41:37","date_gmt":"2025-02-23T15:41:37","guid":{"rendered":"https:\/\/infovera.com.ar\/web\/?p=59227"},"modified":"2025-02-23T21:47:17","modified_gmt":"2025-02-24T00:47:17","slug":"carnaval-2025-lleno-total-para-una-fiesta-que-se-extendio-hasta-la-madrugada","status":"publish","type":"post","link":"https:\/\/infovera.com.ar\/web\/2025\/02\/23\/carnaval-2025-lleno-total-para-una-fiesta-que-se-extendio-hasta-la-madrugada\/","title":{"rendered":"Carnaval 2025: lleno total para una fiesta que se extendi\u00f3 hasta la madrugada"},"content":{"rendered":"<p>La segunda noche de &#8220;Vera, el Carnaval de Santa Fe&#8221; transcurri\u00f3 con lleno total del cors\u00f3dromo de calle San Mart\u00edn.<\/p>\n<p>Aunque la gente tard\u00f3 en ocupar sus lugares, una hora despu\u00e9s del inicio a las 21:30 ambas m\u00e1rgenes de la avenida se colmaron de gente.<\/p>\n<p>Fue una fiesta \u00fanica por el color y ritmo de las comparsas y el acompa\u00f1amiento del p\u00fablico que celebr\u00f3 el paso de las agrupaciones.<\/p>\n<p>Bambita cerr\u00f3 cerca de las 5 con su Tierra de Faraones.<\/p>\n","protected":false},"excerpt":{"rendered":"<p>La segunda noche de &#8220;Vera, el Carnaval de Santa Fe&#8221; transcurri\u00f3 con lleno total del cors\u00f3dromo de calle San Mart\u00edn. Aunque la gente tard\u00f3 en ocupar sus lugares, una hora despu\u00e9s del inicio a las 21:30 ambas m\u00e1rgenes de la avenida se colmaron de gente. Fue una fiesta \u00fanica por el color y ritmo de [&hellip;]<\/p>\n","protected":false},"author":3,"featured_media":59228,"comment_status":"closed","ping_status":"closed","sticky":false,"template":"","format":"standard","meta":{"_joinchat":[],"footnotes":""},"categories":[40,36,53],"tags":[],"class_list":{"0":"post-59227","1":"post","2":"type-post","3":"status-publish","4":"format-standard","5":"has-post-thumbnail","7":"category-cultura","8":"category-sociedad","9":"category-vera"},"_links":{"self":[{"href":"https:\/\/infovera.com.ar\/web\/wp-json\/wp\/v2\/posts\/59227","targetHints":{"allow":["GET"]}}],"collection":[{"href":"https:\/\/infovera.com.ar\/web\/wp-json\/wp\/v2\/posts"}],"about":[{"href":"https:\/\/infovera.com.ar\/web\/wp-json\/wp\/v2\/types\/post"}],"author":[{"embeddable":true,"href":"https:\/\/infovera.com.ar\/web\/wp-json\/wp\/v2\/users\/3"}],"replies":[{"embeddable":true,"href":"https:\/\/infovera.com.ar\/web\/wp-json\/wp\/v2\/comments?post=59227"}],"version-history":[{"count":0,"href":"https:\/\/infovera.com.ar\/web\/wp-json\/wp\/v2\/posts\/59227\/revisions"}],"wp:featuredmedia":[{"embeddable":true,"href":"https:\/\/infovera.com.ar\/web\/wp-json\/wp\/v2\/media\/59228"}],"wp:attachment":[{"href":"https:\/\/infovera.com.ar\/web\/wp-json\/wp\/v2\/media?parent=59227"}],"wp:term":[{"taxonomy":"category","embeddable":true,"href":"https:\/\/infovera.com.ar\/web\/wp-json\/wp\/v2\/categories?post=59227"},{"taxonomy":"post_tag","embeddable":true,"href":"https:\/\/infovera.com.ar\/web\/wp-json\/wp\/v2\/tags?post=59227"}],"curies":[{"name":"wp","href":"https:\/\/api.w.org\/{rel}","templated":true}]}}