{"id":59224,"date":"2025-02-22T12:53:26","date_gmt":"2025-02-22T15:53:26","guid":{"rendered":"https:\/\/infovera.com.ar\/web\/?p=59224"},"modified":"2025-02-23T13:00:53","modified_gmt":"2025-02-23T16:00:53","slug":"noche-de-la-espuma-y-siete-comparsas-en-escena-para-la-segunda-noche-de-vera-el-carnaval-de-santa-fe","status":"publish","type":"post","link":"https:\/\/infovera.com.ar\/web\/2025\/02\/22\/noche-de-la-espuma-y-siete-comparsas-en-escena-para-la-segunda-noche-de-vera-el-carnaval-de-santa-fe\/","title":{"rendered":"Noche de la Espuma y siete comparsas en escena para la segunda noche de &#8220;Vera, el Carnaval de Santa Fe&#8221;"},"content":{"rendered":"<p>El segundo cap\u00edtulo del Carnaval de Vera se pondr\u00e1 en escena en la noche de este s\u00e1bado 22 en el cors\u00f3dromo callejero de la ciudad. Se agotaron las entradas anticipadas y solo quedan en boleter\u00edas de ingreso.<\/p>\n<p>Tras el \u00e9xito de la noche inaugural, hoy est\u00e1 todo dado para que el evento explote de p\u00fablico y la gente vibre al ritmo de la siete comparsas que desfilar\u00e1n por calle San Mart\u00edn.<\/p>\n<p>Desde las 21:30 -puntual-, el orden de salida es el siguiente: Dale que va, Yas\u00ed Ber\u00e1, Ferrumb\u00e1, Verasamba, Paraver\u00e1, Unidos de Samba, y cierra Bambita.<\/p>\n<p>Con bares y restaurantes con lugares completos -en su gran mayor\u00eda- y el clima que acompa\u00f1ar\u00e1, la segunda presentaci\u00f3n de 2025 de &#8220;Vera, el Carnaval de Santa Fe&#8221; promete ser apote\u00f3tica.<\/p>\n<p>Fede Su\u00e1rez, a cargo de la organizaci\u00f3n, subray\u00f3 que todo en condiciones para que la gente de Vera, de la regi\u00f3n y la provincia puedan disfrutar de un espect\u00e1culo \u00fanico en el norte santafesino, con el agregado de la Fiesta de la Espuma.<\/p>\n<p>&#8220;Por pedido de las comparsas la m\u00e1quina de la espuma va a ser al finalizar todo despu\u00e9s de la \u00faltima comparsa que sale, que es Bambita&#8221;, adelant\u00f3.<\/p>\n<p>En tanto, remarc\u00f3 que &#8220;los bares est\u00e1n con reservas agotadas y nosotros tambi\u00e9n vendimos todas las anticipadas disponibles. Solo quedan entradas para vender en las boleter\u00edas del ingreso. Las expectativas son muy buenas&#8221;.<\/p>\n<p><a href=\"https:\/\/infovera.com.ar\/web\/wp-content\/uploads\/2025\/02\/c122.jpg\"><img loading=\"lazy\" decoding=\"async\" class=\"alignleft size-full wp-image-59207\" src=\"https:\/\/infovera.com.ar\/web\/wp-content\/uploads\/2025\/02\/c122.jpg\" alt=\"\" width=\"1350\" height=\"1350\" srcset=\"https:\/\/infovera.com.ar\/web\/wp-content\/uploads\/2025\/02\/c122.jpg 1350w, https:\/\/infovera.com.ar\/web\/wp-content\/uploads\/2025\/02\/c122-696x696.jpg 696w, https:\/\/infovera.com.ar\/web\/wp-content\/uploads\/2025\/02\/c122-1068x1068.jpg 1068w, https:\/\/infovera.com.ar\/web\/wp-content\/uploads\/2025\/02\/c122-420x420.jpg 420w\" sizes=\"auto, (max-width: 1350px) 100vw, 1350px\" \/><\/a><\/p>\n<p><strong>Temas<\/strong><\/p>\n<p><strong>Ferrumb\u00e1 2025: La Legendaria del Futuro<\/strong><\/p>\n<p>En el a\u00f1o 2125, la humanidad ha conquistado el espacio, adapt\u00e1ndose a climas extremos y fusionando tradici\u00f3n con tecnolog\u00eda. Desde las profundidades sumergidas de la Tierra hasta las cumbres rob\u00f3ticas y los lujosos palacios de Venus, cada ser trae su esencia al carnaval.<\/p>\n<p>Este febrero, los habitantes del universo viajan a\u00f1os luz para celebrar en La Legendaria Ferrumb\u00e1. \u00a1El futuro es ahora y brilla en el cors\u00f3dromo!<\/p>\n<p><strong>Bambita 2025: Tierra de Faraones<\/strong><\/p>\n<p>El antiguo Egipto revive en el carnaval de Vera. Dioses, faraones y sacerdotes nos transportan al esplendor del Nilo, donde el oro brilla y la historia cobra vida.<\/p>\n<p>Este febrero, Bambita nos invita a una traves\u00eda de misterio, grandeza y tradici\u00f3n. \u00a1Que comience la gran aventura!<\/p>\n<p><strong>Unidos del Samba 2025: Leyenda del Picaflor<\/strong><\/p>\n<p>Este a\u00f1o, el carnaval se llena de magia y poes\u00eda con la hermosa Leyenda Guaran\u00ed del Picaflor. Un relato de amor eterno, fe y pasi\u00f3n que trasciende el tiempo.<\/p>\n<p>Pot\u00ed y Guainumb\u00fd vencen la separaci\u00f3n convirti\u00e9ndose en flor y picaflor, record\u00e1ndonos que el amor verdadero nunca muere. Unidos del Samba revive este mito en cada ritmo y cada brillo.<\/p>\n<p>\u00a1Volemos alto con el esp\u00edritu del picaflor y celebremos el amor eterno en el carnaval!<\/p>\n<p><strong>Paraver\u00e1 2025 \u2013 La magia del cine en el Carnaval<\/strong><\/p>\n<p>Este a\u00f1o, nos subimos a la gran pantalla para vivir un espect\u00e1culo inolvidable. Desde Titanic hasta El Mago de Oz, pasando por Parque Jur\u00e1sico y Chicago, traemos las historias que marcaron generaciones, transformando la avenida en un verdadero set de pel\u00edcula.<\/p>\n<p>Con brillo, pasi\u00f3n y mucha emoci\u00f3n, rendimos homenaje al cine y su poder de transportarnos a otros mundos. \u00a1Prep\u00e1rense para una funci\u00f3n llena de magia y carnaval!<\/p>\n<p><strong>Verasamba 2025 \u2013 Pasi\u00f3n gitana<\/strong><\/p>\n<p>Este a\u00f1o, dejamos que el ritmo de los tambores y la fuerza del pueblo gitano nos gu\u00eden en la avenida. Pasi\u00f3n, libertad y misticismo se mezclan en cada movimiento, cada brillo y cada nota de nuestra comparsa.<\/p>\n<p>Con el alma indomable y el fuego en la sangre, celebramos el esp\u00edritu gitano que nos invita a bailar, so\u00f1ar y vivir el carnaval con intensidad.<\/p>\n<p><a href=\"https:\/\/infovera.com.ar\/web\/wp-content\/uploads\/2025\/02\/c11-1.jpg\"><img loading=\"lazy\" decoding=\"async\" class=\"alignleft size-full wp-image-59208\" src=\"https:\/\/infovera.com.ar\/web\/wp-content\/uploads\/2025\/02\/c11-1.jpg\" alt=\"\" width=\"1350\" height=\"1350\" srcset=\"https:\/\/infovera.com.ar\/web\/wp-content\/uploads\/2025\/02\/c11-1.jpg 1350w, https:\/\/infovera.com.ar\/web\/wp-content\/uploads\/2025\/02\/c11-1-696x696.jpg 696w, https:\/\/infovera.com.ar\/web\/wp-content\/uploads\/2025\/02\/c11-1-1068x1068.jpg 1068w, https:\/\/infovera.com.ar\/web\/wp-content\/uploads\/2025\/02\/c11-1-420x420.jpg 420w\" sizes=\"auto, (max-width: 1350px) 100vw, 1350px\" \/><\/a><\/p>\n","protected":false},"excerpt":{"rendered":"<p>El segundo cap\u00edtulo del Carnaval de Vera se pondr\u00e1 en escena en la noche de este s\u00e1bado 22 en el cors\u00f3dromo callejero de la ciudad. Se agotaron las entradas anticipadas y solo quedan en boleter\u00edas de ingreso. Tras el \u00e9xito de la noche inaugural, hoy est\u00e1 todo dado para que el evento explote de p\u00fablico [&hellip;]<\/p>\n","protected":false},"author":3,"featured_media":59225,"comment_status":"closed","ping_status":"closed","sticky":false,"template":"","format":"standard","meta":{"_joinchat":[],"footnotes":""},"categories":[1],"tags":[],"class_list":{"0":"post-59224","1":"post","2":"type-post","3":"status-publish","4":"format-standard","5":"has-post-thumbnail","7":"category-sin-categoria"},"_links":{"self":[{"href":"https:\/\/infovera.com.ar\/web\/wp-json\/wp\/v2\/posts\/59224","targetHints":{"allow":["GET"]}}],"collection":[{"href":"https:\/\/infovera.com.ar\/web\/wp-json\/wp\/v2\/posts"}],"about":[{"href":"https:\/\/infovera.com.ar\/web\/wp-json\/wp\/v2\/types\/post"}],"author":[{"embeddable":true,"href":"https:\/\/infovera.com.ar\/web\/wp-json\/wp\/v2\/users\/3"}],"replies":[{"embeddable":true,"href":"https:\/\/infovera.com.ar\/web\/wp-json\/wp\/v2\/comments?post=59224"}],"version-history":[{"count":0,"href":"https:\/\/infovera.com.ar\/web\/wp-json\/wp\/v2\/posts\/59224\/revisions"}],"wp:featuredmedia":[{"embeddable":true,"href":"https:\/\/infovera.com.ar\/web\/wp-json\/wp\/v2\/media\/59225"}],"wp:attachment":[{"href":"https:\/\/infovera.com.ar\/web\/wp-json\/wp\/v2\/media?parent=59224"}],"wp:term":[{"taxonomy":"category","embeddable":true,"href":"https:\/\/infovera.com.ar\/web\/wp-json\/wp\/v2\/categories?post=59224"},{"taxonomy":"post_tag","embeddable":true,"href":"https:\/\/infovera.com.ar\/web\/wp-json\/wp\/v2\/tags?post=59224"}],"curies":[{"name":"wp","href":"https:\/\/api.w.org\/{rel}","templated":true}]}}