{"id":59195,"date":"2025-02-20T16:52:11","date_gmt":"2025-02-20T19:52:11","guid":{"rendered":"https:\/\/infovera.com.ar\/web\/?p=59195"},"modified":"2025-02-20T16:52:11","modified_gmt":"2025-02-20T19:52:11","slug":"vera-santa-fe-invierte-mas-de-1-000-millones-de-pesos-en-electrificacion-rural","status":"publish","type":"post","link":"https:\/\/infovera.com.ar\/web\/2025\/02\/20\/vera-santa-fe-invierte-mas-de-1-000-millones-de-pesos-en-electrificacion-rural\/","title":{"rendered":"Vera: Santa Fe invierte m\u00e1s de 1.000 millones de pesos en electrificaci\u00f3n rural"},"content":{"rendered":"<p>Se trata de la licitaci\u00f3n para la construcci\u00f3n y remodelaci\u00f3n de una l\u00ednea de media tensi\u00f3n en el Departamento Vera. Se presentaron seis oferentes y el plazo de ejecuci\u00f3n es de 360 d\u00edas. La acci\u00f3n se enmarca en la ley del Fondo de Electrificaci\u00f3n Rural.<\/p>\n<p>&nbsp;<\/p>\n<p>El Gobierno de la Provincia de Santa Fe, a trav\u00e9s de la Empresa Provincial de la Energ\u00eda (EPE) licit\u00f3 la construcci\u00f3n y remodelaci\u00f3n de una l\u00ednea de media tensi\u00f3n de 13,2 kV entre las localidades de Garabato y Fort\u00edn Olmos, en el Departamento Vera.<\/p>\n<p>El presupuesto oficial es superior a los 1.000 millones de pesos ($1.042.805.000,84) y seis oferentes presentaron sus propuestas para ejecutar la obra dentro de los 360 d\u00edas de plazo que describe el pliego.<\/p>\n<p>La acci\u00f3n se lleva adelante en el marco del programa de Fondo de Electrificaci\u00f3n Rural (FER) impulsado por la ley 13.414\/14 y su Decreto Reglamentario 2258\/15. Su objetivo es promover obras de electrificaci\u00f3n rural en el territorio provincial.<\/p>\n<p>\u201cComo nos encomend\u00f3 el gobernador Maximiliano Pullaro y el ministro de Desarrollo Productivo, Gustavo Puccini, el objetivo de nuestra gesti\u00f3n es mejorar la calidad del servicio que se presta en toda la provincia a partir de diferentes frentes: con inversiones, con transparencia en la administraci\u00f3n de la firma y con mayor eficiencia en todos los procesos\u201d, consider\u00f3 la presidenta de la empresa p\u00fablica, Anah\u00ed Rodr\u00edguez.<\/p>\n<p>Rodr\u00edguez enfatiz\u00f3 que esta licitaci\u00f3n y las obras en cada punto de la provincia demuestran el compromiso por un desarrollo equitativo del territorio: \u201cNo es s\u00f3lo infraestructura, que es el componente m\u00e1s importante, que genera empleo y dinamismo, sino tambi\u00e9n equidad: esta gesti\u00f3n quiere garantizar que cada productor y cada industria, est\u00e9n donde est\u00e9n, puedan acceder a un servicio esencial como la energ\u00eda el\u00e9ctrica, promoviendo oportunidades, mejorando la competitividad de los emprendimientos agroindustriales y el arraigo en cada rinc\u00f3n de Santa Fe\u201d.<\/p>\n<p>&nbsp;<\/p>\n<p><strong>Detalles de la obra<\/strong><\/p>\n<p>Los trabajos prev\u00e9n la construcci\u00f3n de 13.000 metros de l\u00ednea de media tensi\u00f3n de 13,2 kV desde Garabato hasta Pozo de los Indios, y la remodelaci\u00f3n de otros 19.000 metros existentes desde Pozo de los Indios a Fort\u00edn Olmos, reemplazando conductores, aisladores, estructuras en mal estado y postes deteriorados.<\/p>\n<p>Se presentaron las firmas Proyecci\u00f3n Electroluz SRL (1.133.995.305,93 + IVA), Las Heras SA (837.689.692,83 +IVA), Bee Diana Jorgelina (942.263.860 + IVA), Bridge Hydrogen SA (953.140.582,66 + IVA), Pir\u00e1mide C SA \u2013 Bildtec SA (958.226.217,87 + IVA) y Post Ingenier\u00eda SA (1.020.595.041,32 + IVA), quienes ser\u00e1n analizadas por los equipos t\u00e9cnicos de la EPE.<\/p>\n<p>&nbsp;<\/p>\n<p><strong>Ley FER<\/strong><\/p>\n<p>La Ley N\u00ba 13.414 cre\u00f3 el Fondo de Electrificaci\u00f3n Rural (FER) con el objeto de dotar del servicio el\u00e9ctrico al sector rural, en particular a las regiones y pobladores m\u00e1s aislados del territorio santafesino que sean declaradas de electrificaci\u00f3n rural obligatoria y en las que exista un estado de necesidad de infraestructura el\u00e9ctrica, sean pobladores rurales con o sin explotaciones agropecuarias, plantas industriales radicadas en la zona rural y centros urbanos con menos de 3.000 habitantes.<\/p>\n","protected":false},"excerpt":{"rendered":"<p>Se trata de la licitaci\u00f3n para la construcci\u00f3n y remodelaci\u00f3n de una l\u00ednea de media tensi\u00f3n en el Departamento Vera. Se presentaron seis oferentes y el plazo de ejecuci\u00f3n es de 360 d\u00edas. La acci\u00f3n se enmarca en la ley del Fondo de Electrificaci\u00f3n Rural. &nbsp; El Gobierno de la Provincia de Santa Fe, a [&hellip;]<\/p>\n","protected":false},"author":3,"featured_media":59196,"comment_status":"closed","ping_status":"closed","sticky":false,"template":"","format":"standard","meta":{"_joinchat":[],"footnotes":""},"categories":[61],"tags":[],"class_list":{"0":"post-59195","1":"post","2":"type-post","3":"status-publish","4":"format-standard","5":"has-post-thumbnail","7":"category-regionales"},"_links":{"self":[{"href":"https:\/\/infovera.com.ar\/web\/wp-json\/wp\/v2\/posts\/59195","targetHints":{"allow":["GET"]}}],"collection":[{"href":"https:\/\/infovera.com.ar\/web\/wp-json\/wp\/v2\/posts"}],"about":[{"href":"https:\/\/infovera.com.ar\/web\/wp-json\/wp\/v2\/types\/post"}],"author":[{"embeddable":true,"href":"https:\/\/infovera.com.ar\/web\/wp-json\/wp\/v2\/users\/3"}],"replies":[{"embeddable":true,"href":"https:\/\/infovera.com.ar\/web\/wp-json\/wp\/v2\/comments?post=59195"}],"version-history":[{"count":0,"href":"https:\/\/infovera.com.ar\/web\/wp-json\/wp\/v2\/posts\/59195\/revisions"}],"wp:featuredmedia":[{"embeddable":true,"href":"https:\/\/infovera.com.ar\/web\/wp-json\/wp\/v2\/media\/59196"}],"wp:attachment":[{"href":"https:\/\/infovera.com.ar\/web\/wp-json\/wp\/v2\/media?parent=59195"}],"wp:term":[{"taxonomy":"category","embeddable":true,"href":"https:\/\/infovera.com.ar\/web\/wp-json\/wp\/v2\/categories?post=59195"},{"taxonomy":"post_tag","embeddable":true,"href":"https:\/\/infovera.com.ar\/web\/wp-json\/wp\/v2\/tags?post=59195"}],"curies":[{"name":"wp","href":"https:\/\/api.w.org\/{rel}","templated":true}]}}