{"id":59192,"date":"2025-02-20T10:52:16","date_gmt":"2025-02-20T13:52:16","guid":{"rendered":"https:\/\/infovera.com.ar\/web\/?p=59192"},"modified":"2025-02-20T10:52:41","modified_gmt":"2025-02-20T13:52:41","slug":"fue-una-falsedad-una-mentira-el-fiscal-rios-nego-el-robo-de-joyas-y-dinero-al-chino-maidana","status":"publish","type":"post","link":"https:\/\/infovera.com.ar\/web\/2025\/02\/20\/fue-una-falsedad-una-mentira-el-fiscal-rios-nego-el-robo-de-joyas-y-dinero-al-chino-maidana\/","title":{"rendered":"&#8220;Fue una falsedad, una mentira&#8221;: el fiscal R\u00edos neg\u00f3 el robo de joyas y dinero al Chino Maidana"},"content":{"rendered":"<p>El fiscal Norberto R\u00edos se refiri\u00f3 a la fake news surgida desde un medio digital de Florencia que se viraliz\u00f3 en redes sociales y hasta fue replicada por medios nacionales.<\/p>\n<p>El funcionario dijo que nunca hubo denuncia con relaci\u00f3n a un robo de joyas y dinero al Chino Maidana, que supuestamente -de acuerdo a la informaci\u00f3n falsa difundida- hab\u00eda sucedido cuando el exboxeador se accident\u00f3 con su moto en jurisdicci\u00f3n de Campo Hardy.<\/p>\n<p>&#8220;Fue una falsedad, una mentira&#8221;, propio de &#8220;personas malintencionadas&#8221;, fustig\u00f3 el fiscal.<\/p>\n<div class=\"wp-playlist wp-audio-playlist wp-playlist-light\">\n\t\t\t<div class=\"wp-playlist-current-item\"><\/div>\n\t\t<audio controls=\"controls\" preload=\"none\" width=\"674\"\n\t\t\t><\/audio>\n\t<div class=\"wp-playlist-next\"><\/div>\n\t<div class=\"wp-playlist-prev\"><\/div>\n\t<noscript>\n\t<ol>\n\t\t<li><a href='https:\/\/infovera.com.ar\/web\/wp-content\/uploads\/2025\/02\/WhatsApp-Audio-2025-02-20-at-10.26.45-AM.aac'>Nota al fiscal Norberto R\u00edos.<\/a><\/li>\t<\/ol>\n\t<\/noscript>\n\t<script type=\"application\/json\" class=\"wp-playlist-script\">{\"type\":\"audio\",\"tracklist\":true,\"tracknumbers\":true,\"images\":true,\"artists\":true,\"tracks\":[{\"src\":\"https:\/\/infovera.com.ar\/web\/wp-content\/uploads\/2025\/02\/WhatsApp-Audio-2025-02-20-at-10.26.45-AM.aac\",\"type\":\"audio\/aac\",\"title\":\"Nota al fiscal Norberto R\\u00edos.\",\"caption\":\"\",\"description\":\"\\\"WhatsApp Audio 2025-02-20 at 10.26.45 AM\\\".\",\"meta\":[],\"image\":{\"src\":\"https:\/\/infovera.com.ar\/web\/wp-includes\/images\/media\/audio.svg\",\"width\":48,\"height\":64},\"thumb\":{\"src\":\"https:\/\/infovera.com.ar\/web\/wp-includes\/images\/media\/audio.svg\",\"width\":48,\"height\":64}}]}<\/script>\n<\/div>\n\t\n","protected":false},"excerpt":{"rendered":"<p>El fiscal Norberto R\u00edos se refiri\u00f3 a la fake news surgida desde un medio digital de Florencia que se viraliz\u00f3 en redes sociales y hasta fue replicada por medios nacionales. El funcionario dijo que nunca hubo denuncia con relaci\u00f3n a un robo de joyas y dinero al Chino Maidana, que supuestamente -de acuerdo a la [&hellip;]<\/p>\n","protected":false},"author":3,"featured_media":59151,"comment_status":"closed","ping_status":"closed","sticky":false,"template":"","format":"standard","meta":{"_joinchat":[],"footnotes":""},"categories":[30,61],"tags":[],"class_list":{"0":"post-59192","1":"post","2":"type-post","3":"status-publish","4":"format-standard","5":"has-post-thumbnail","7":"category-policiales","8":"category-regionales"},"_links":{"self":[{"href":"https:\/\/infovera.com.ar\/web\/wp-json\/wp\/v2\/posts\/59192","targetHints":{"allow":["GET"]}}],"collection":[{"href":"https:\/\/infovera.com.ar\/web\/wp-json\/wp\/v2\/posts"}],"about":[{"href":"https:\/\/infovera.com.ar\/web\/wp-json\/wp\/v2\/types\/post"}],"author":[{"embeddable":true,"href":"https:\/\/infovera.com.ar\/web\/wp-json\/wp\/v2\/users\/3"}],"replies":[{"embeddable":true,"href":"https:\/\/infovera.com.ar\/web\/wp-json\/wp\/v2\/comments?post=59192"}],"version-history":[{"count":0,"href":"https:\/\/infovera.com.ar\/web\/wp-json\/wp\/v2\/posts\/59192\/revisions"}],"wp:featuredmedia":[{"embeddable":true,"href":"https:\/\/infovera.com.ar\/web\/wp-json\/wp\/v2\/media\/59151"}],"wp:attachment":[{"href":"https:\/\/infovera.com.ar\/web\/wp-json\/wp\/v2\/media?parent=59192"}],"wp:term":[{"taxonomy":"category","embeddable":true,"href":"https:\/\/infovera.com.ar\/web\/wp-json\/wp\/v2\/categories?post=59192"},{"taxonomy":"post_tag","embeddable":true,"href":"https:\/\/infovera.com.ar\/web\/wp-json\/wp\/v2\/tags?post=59192"}],"curies":[{"name":"wp","href":"https:\/\/api.w.org\/{rel}","templated":true}]}}