{"id":59189,"date":"2025-02-20T10:39:31","date_gmt":"2025-02-20T13:39:31","guid":{"rendered":"https:\/\/infovera.com.ar\/web\/?p=59189"},"modified":"2025-02-20T10:39:31","modified_gmt":"2025-02-20T13:39:31","slug":"la-iii-brigada-aerea-incorpora-soldados-voluntarios-los-requisitos","status":"publish","type":"post","link":"https:\/\/infovera.com.ar\/web\/2025\/02\/20\/la-iii-brigada-aerea-incorpora-soldados-voluntarios-los-requisitos\/","title":{"rendered":"La III Brigada A\u00e9rea incorpora soldados voluntarios: los requisitos"},"content":{"rendered":"<p>La Unidad con asiento en la ciudad de Reconquista, provincia de Santa Fe, abri\u00f3 la convocatoria para todos aquellos j\u00f3venes t\u00e9cnicos o log\u00edsticos que deseen conformar la tropa voluntaria de la instituci\u00f3n.<\/p>\n<p><strong>Para postularse se deben reunir los siguientes requisitos:<\/strong><\/p>\n<p>\u00b7 Secundario completo con t\u00edtulo t\u00e9cnico.<\/p>\n<p>\u00b7 Curso de oficio aprobado.<\/p>\n<p>\u00b7 Poseer conocimientos de plomer\u00eda, carpinter\u00eda, refrigeraci\u00f3n, electricista, alba\u00f1iler\u00eda o herrer\u00eda.<\/p>\n<p><strong>Fecha t\u00e9rmino: 28 de febrero.<\/strong><\/p>\n<p>Contacto para consultas acerca de la incorporaci\u00f3n: <strong>(03482) 438196<\/strong><\/p>\n<p>Entrega de documentaci\u00f3n: Divisi\u00f3n Personal &#8211; III Brigada A\u00e9rea &#8211; Ruta 11 KM 783 &#8211; Reconquista, Santa Fe.<\/p>\n","protected":false},"excerpt":{"rendered":"<p>La Unidad con asiento en la ciudad de Reconquista, provincia de Santa Fe, abri\u00f3 la convocatoria para todos aquellos j\u00f3venes t\u00e9cnicos o log\u00edsticos que deseen conformar la tropa voluntaria de la instituci\u00f3n. Para postularse se deben reunir los siguientes requisitos: \u00b7 Secundario completo con t\u00edtulo t\u00e9cnico. \u00b7 Curso de oficio aprobado. \u00b7 Poseer conocimientos de [&hellip;]<\/p>\n","protected":false},"author":3,"featured_media":59190,"comment_status":"closed","ping_status":"closed","sticky":false,"template":"","format":"standard","meta":{"_joinchat":[],"footnotes":""},"categories":[43,61,36],"tags":[],"class_list":{"0":"post-59189","1":"post","2":"type-post","3":"status-publish","4":"format-standard","5":"has-post-thumbnail","7":"category-institucionales","8":"category-regionales","9":"category-sociedad"},"_links":{"self":[{"href":"https:\/\/infovera.com.ar\/web\/wp-json\/wp\/v2\/posts\/59189","targetHints":{"allow":["GET"]}}],"collection":[{"href":"https:\/\/infovera.com.ar\/web\/wp-json\/wp\/v2\/posts"}],"about":[{"href":"https:\/\/infovera.com.ar\/web\/wp-json\/wp\/v2\/types\/post"}],"author":[{"embeddable":true,"href":"https:\/\/infovera.com.ar\/web\/wp-json\/wp\/v2\/users\/3"}],"replies":[{"embeddable":true,"href":"https:\/\/infovera.com.ar\/web\/wp-json\/wp\/v2\/comments?post=59189"}],"version-history":[{"count":0,"href":"https:\/\/infovera.com.ar\/web\/wp-json\/wp\/v2\/posts\/59189\/revisions"}],"wp:featuredmedia":[{"embeddable":true,"href":"https:\/\/infovera.com.ar\/web\/wp-json\/wp\/v2\/media\/59190"}],"wp:attachment":[{"href":"https:\/\/infovera.com.ar\/web\/wp-json\/wp\/v2\/media?parent=59189"}],"wp:term":[{"taxonomy":"category","embeddable":true,"href":"https:\/\/infovera.com.ar\/web\/wp-json\/wp\/v2\/categories?post=59189"},{"taxonomy":"post_tag","embeddable":true,"href":"https:\/\/infovera.com.ar\/web\/wp-json\/wp\/v2\/tags?post=59189"}],"curies":[{"name":"wp","href":"https:\/\/api.w.org\/{rel}","templated":true}]}}