{"id":59168,"date":"2025-02-20T10:01:58","date_gmt":"2025-02-20T13:01:58","guid":{"rendered":"https:\/\/infovera.com.ar\/web\/?p=59168"},"modified":"2025-02-21T13:09:48","modified_gmt":"2025-02-21T16:09:48","slug":"la-policia-recupero-un-iphone-que-fue-robado-a-un-chico-en-el-aeroclub","status":"publish","type":"post","link":"https:\/\/infovera.com.ar\/web\/2025\/02\/20\/la-policia-recupero-un-iphone-que-fue-robado-a-un-chico-en-el-aeroclub\/","title":{"rendered":"La polic\u00eda recuper\u00f3 un iPhone que fue robado a un chico en el Aeroclub"},"content":{"rendered":"<p>Efectivos de Comisar\u00eda 1era. tomaron intervenci\u00f3n a ra\u00edz de la denuncia de una mujer que dio cuenta le hab\u00edan robado un iPhone 13 a su hijo, menor de edad, en el predio del Aeroclub, ubicado en Lisandro de La Torre y Soldado G\u00f3mez.<\/p>\n<p>La madre detall\u00f3 que el m\u00f3vil se encontraba dentro de la mochila de su hijo.<\/p>\n<p>De diligencias investigativas efectuados por funcionarios policiales se estableci\u00f3 que no seria ajeno al il\u00edcito un joven, menor de edad, domiciliado en esta ciudad.<\/p>\n<p>El dispositivo fue secuestrado preventivamente y reconocido por la damnificada.<\/p>\n<p>Tom\u00f3 intervenci\u00f3n en el caos la Subsecretaria de Ni\u00f1ez, Adolescencia y Familia.<\/p>\n","protected":false},"excerpt":{"rendered":"<p>Efectivos de Comisar\u00eda 1era. tomaron intervenci\u00f3n a ra\u00edz de la denuncia de una mujer que dio cuenta le hab\u00edan robado un iPhone 13 a su hijo, menor de edad, en el predio del Aeroclub, ubicado en Lisandro de La Torre y Soldado G\u00f3mez. La madre detall\u00f3 que el m\u00f3vil se encontraba dentro de la mochila [&hellip;]<\/p>\n","protected":false},"author":3,"featured_media":59169,"comment_status":"closed","ping_status":"closed","sticky":false,"template":"","format":"standard","meta":{"_joinchat":[],"footnotes":""},"categories":[30,53],"tags":[],"class_list":{"0":"post-59168","1":"post","2":"type-post","3":"status-publish","4":"format-standard","5":"has-post-thumbnail","7":"category-policiales","8":"category-vera"},"_links":{"self":[{"href":"https:\/\/infovera.com.ar\/web\/wp-json\/wp\/v2\/posts\/59168","targetHints":{"allow":["GET"]}}],"collection":[{"href":"https:\/\/infovera.com.ar\/web\/wp-json\/wp\/v2\/posts"}],"about":[{"href":"https:\/\/infovera.com.ar\/web\/wp-json\/wp\/v2\/types\/post"}],"author":[{"embeddable":true,"href":"https:\/\/infovera.com.ar\/web\/wp-json\/wp\/v2\/users\/3"}],"replies":[{"embeddable":true,"href":"https:\/\/infovera.com.ar\/web\/wp-json\/wp\/v2\/comments?post=59168"}],"version-history":[{"count":0,"href":"https:\/\/infovera.com.ar\/web\/wp-json\/wp\/v2\/posts\/59168\/revisions"}],"wp:featuredmedia":[{"embeddable":true,"href":"https:\/\/infovera.com.ar\/web\/wp-json\/wp\/v2\/media\/59169"}],"wp:attachment":[{"href":"https:\/\/infovera.com.ar\/web\/wp-json\/wp\/v2\/media?parent=59168"}],"wp:term":[{"taxonomy":"category","embeddable":true,"href":"https:\/\/infovera.com.ar\/web\/wp-json\/wp\/v2\/categories?post=59168"},{"taxonomy":"post_tag","embeddable":true,"href":"https:\/\/infovera.com.ar\/web\/wp-json\/wp\/v2\/tags?post=59168"}],"curies":[{"name":"wp","href":"https:\/\/api.w.org\/{rel}","templated":true}]}}