{"id":59106,"date":"2025-02-18T15:08:30","date_gmt":"2025-02-18T18:08:30","guid":{"rendered":"https:\/\/infovera.com.ar\/web\/?p=59106"},"modified":"2025-02-19T11:11:19","modified_gmt":"2025-02-19T14:11:19","slug":"se-accidento-el-chino-maidana","status":"publish","type":"post","link":"https:\/\/infovera.com.ar\/web\/2025\/02\/18\/se-accidento-el-chino-maidana\/","title":{"rendered":"Se accident\u00f3 el Chino Maidana"},"content":{"rendered":"<p>El Chino Maidana, fue trasladado a un centro de salud despu\u00e9s de protagonizar un accidente sobre Ruta N11 km 915 a la altura de Campo Hardy.<\/p>\n<div class=\"youtube-embed\" data-video_id=\"\"><iframe loading=\"lazy\" title=\"Se accident\u00f3 el Chino Maidana\" width=\"563\" height=\"1000\" src=\"https:\/\/www.youtube.com\/embed\/fVRrwXwErME?feature=oembed&#038;enablejsapi=1\" frameborder=\"0\" allow=\"accelerometer; autoplay; clipboard-write; encrypted-media; gyroscope; picture-in-picture; web-share\" referrerpolicy=\"strict-origin-when-cross-origin\" allowfullscreen><\/iframe><\/div>\n<p>DESTACAMENTO N\u00b0 9<\/p>\n<p>LUGAR: HARDY<\/p>\n<p>Hecho: \u201cLESIONES CULPOSAS EN ACCIDENTE DE TRANSITO\u201d<\/p>\n<p>FECHA 18\/02\/2025<\/p>\n<p>RESUMEN: Siendo las 13:00 Hs. Entraron en colisi\u00f3n autom\u00f3vil marca Renault, modelo Cl\u00edo RT, quien transitaba por acceso rural hac\u00eda ruta Nacional N\u00b0 11, con sentido de circulaci\u00f3n Este a Oeste,siendo conducido por ciudadano mayor de edad y motocicleta marca BMW. modelo 647-R1300 GS, siendo conducido por masculino mayor de edad, con sentido de circulaci\u00f3n de Sur a Norte. Consecuencia del mismo result\u00f3 con lesiones el motociclista, siendo trasladado en ambulancia 107 del Samco ciudad de Florencia a sede del mismo. Interiorizado Fiscal interviniente dispuso diligencias a seguir. Se hicieron presentes en el escenario del hecho personal PDI ciudad de las Toscas .<\/p>\n<p><iframe loading=\"lazy\" style=\"border: none; overflow: hidden;\" src=\"https:\/\/www.facebook.com\/plugins\/video.php?height=476&amp;href=https%3A%2F%2Fwww.facebook.com%2Fhorizonte.noticias%2Fvideos%2F1739720966940115%2F&amp;show_text=false&amp;width=267&amp;t=0\" width=\"267\" height=\"476\" frameborder=\"0\" scrolling=\"no\" allowfullscreen=\"allowfullscreen\"><\/iframe><\/p>\n","protected":false},"excerpt":{"rendered":"<p>El Chino Maidana, fue trasladado a un centro de salud despu\u00e9s de protagonizar un accidente sobre Ruta N11 km 915 a la altura de Campo Hardy. DESTACAMENTO N\u00b0 9 LUGAR: HARDY Hecho: \u201cLESIONES CULPOSAS EN ACCIDENTE DE TRANSITO\u201d FECHA 18\/02\/2025 RESUMEN: Siendo las 13:00 Hs. Entraron en colisi\u00f3n autom\u00f3vil marca Renault, modelo Cl\u00edo RT, quien [&hellip;]<\/p>\n","protected":false},"author":3,"featured_media":59107,"comment_status":"closed","ping_status":"closed","sticky":false,"template":"","format":"standard","meta":{"_joinchat":[],"footnotes":""},"categories":[51,30],"tags":[],"class_list":{"0":"post-59106","1":"post","2":"type-post","3":"status-publish","4":"format-standard","5":"has-post-thumbnail","7":"category-locales","8":"category-policiales"},"_links":{"self":[{"href":"https:\/\/infovera.com.ar\/web\/wp-json\/wp\/v2\/posts\/59106","targetHints":{"allow":["GET"]}}],"collection":[{"href":"https:\/\/infovera.com.ar\/web\/wp-json\/wp\/v2\/posts"}],"about":[{"href":"https:\/\/infovera.com.ar\/web\/wp-json\/wp\/v2\/types\/post"}],"author":[{"embeddable":true,"href":"https:\/\/infovera.com.ar\/web\/wp-json\/wp\/v2\/users\/3"}],"replies":[{"embeddable":true,"href":"https:\/\/infovera.com.ar\/web\/wp-json\/wp\/v2\/comments?post=59106"}],"version-history":[{"count":0,"href":"https:\/\/infovera.com.ar\/web\/wp-json\/wp\/v2\/posts\/59106\/revisions"}],"wp:featuredmedia":[{"embeddable":true,"href":"https:\/\/infovera.com.ar\/web\/wp-json\/wp\/v2\/media\/59107"}],"wp:attachment":[{"href":"https:\/\/infovera.com.ar\/web\/wp-json\/wp\/v2\/media?parent=59106"}],"wp:term":[{"taxonomy":"category","embeddable":true,"href":"https:\/\/infovera.com.ar\/web\/wp-json\/wp\/v2\/categories?post=59106"},{"taxonomy":"post_tag","embeddable":true,"href":"https:\/\/infovera.com.ar\/web\/wp-json\/wp\/v2\/tags?post=59106"}],"curies":[{"name":"wp","href":"https:\/\/api.w.org\/{rel}","templated":true}]}}