{"id":59102,"date":"2025-02-18T12:15:31","date_gmt":"2025-02-18T15:15:31","guid":{"rendered":"https:\/\/infovera.com.ar\/web\/?p=59102"},"modified":"2025-02-18T12:15:31","modified_gmt":"2025-02-18T15:15:31","slug":"residencias-culturales-200-jovenes-inician-sus-practicas-en-distintos-espacios-y-museos-de-la-provincia","status":"publish","type":"post","link":"https:\/\/infovera.com.ar\/web\/2025\/02\/18\/residencias-culturales-200-jovenes-inician-sus-practicas-en-distintos-espacios-y-museos-de-la-provincia\/","title":{"rendered":"Residencias Culturales: 200 j\u00f3venes inician sus pr\u00e1cticas en distintos espacios y museos de la Provincia"},"content":{"rendered":"<p>\u201cTrabajamos para garantizar el acceso a la cultura de todos y las residencias son una herramienta para el disfrute de la cultura de los santafesinos\u201d, se\u00f1al\u00f3 la ministra de Cultura, Susana Rueda. Los j\u00f3venes de entre 18 y 25 a\u00f1os se formar\u00e1n durante 10 meses y contar\u00e1n con una asignaci\u00f3n econ\u00f3mica.<\/p>\n<p>El Gobierno de la Provincia, a trav\u00e9s del Ministerio de Cultura, puso en marcha los trayectos formativos 2025 que realizar\u00e1n 200 j\u00f3venes residentes en espacios culturales y museos de las ciudades de Santa Fe, Cayast\u00e1, Rinc\u00f3n, Rosario, Puerto Gaboto y Villa Gobernador G\u00e1lvez.<\/p>\n<p>\u201cEstas pr\u00e1cticas son una tradici\u00f3n que empezamos a profundizar y a ampliar, porque este a\u00f1o van a ser m\u00e1s los residentes culturales: de 180 pasamos a 200\u201d, asegur\u00f3 este martes por la ma\u00f1ana la ministra Susana Rueda en la bienvenida oficial a los residentes realizada en el Museo Provincial de Bellas Artes \u201cRosa Galisteo de Rodr\u00edguez\u201d, acto del que tambi\u00e9n fueron parte los secretarios de Gesti\u00f3n Cultural, Sebasti\u00e1n C\u00e1ceres; de Desarrollos Culturales, Paulo Ricci; y de Integraci\u00f3n Cultural, Guillermo Lasala. En esta l\u00ednea, la funcionaria indic\u00f3 que \u201cdesde el a\u00f1o pasado estamos trabajando intensamente por garantizar el acceso a la cultura de todos y todas. Las residencias culturales son justamente una herramienta, un mecanismo que ha dado sus resultados, que ha dado sus frutos para el disfrute de la cultura de los santafesinos que acceden a los espacios del Ministerio\u201d. Finalmente, Rueda subray\u00f3 que \u201cas\u00ed se garantiza la profundidad de la comprensi\u00f3n y de la aprehensi\u00f3n de lo que es la belleza de la cultura y de nuestro patrimonio\u201d.<\/p>\n<p>Cabe se\u00f1alar que as\u00ed como este martes se dio la bienvenida en la ciudad de Santa Fe, el lunes se realiz\u00f3 una actividad de la misma naturaleza en Plataforma Lavarden de Rosario con los residentes que realizar\u00e1n la misma experiencia en Villa Gobernador G\u00e1lvez, Puerto Gaboto, Monje y Rosario. En este sentido, cabe se\u00f1alar que las residencias culturales de este a\u00f1o se realizar\u00e1n en 24 espacios. Son 200 los j\u00f3venes de entre 18 y 25 a\u00f1os que desempe\u00f1ar\u00e1n pr\u00e1cticas de formaci\u00f3n de diez meses de duraci\u00f3n, con asignaci\u00f3n econ\u00f3mica de est\u00edmulo. El objetivo es brindarles una capacitaci\u00f3n permanente en nuevas y diversas miradas sobre el campo cultural y el espacio p\u00fablico.<\/p>\n<p>\u201cExperiencia \u00fanica\u201d<br \/>\nTambi\u00e9n los residentes expresaron lo que significa tener esta oportunidad. Alejandro, de Sauce Viejo, cont\u00f3 que estudia Letras en la Universidad Nacional del Litoral y que est\u00e1 \u201cmuy motivado de empezar a trabajar en el matiz m\u00e1s social de mi formaci\u00f3n para entrar en contacto con la comunidad y llevar mis conocimientos a otro lugar, profesionalizar mi pr\u00e1ctica docente y de alguna manera abrirme a diferentes experiencias culturales\u201d.<br \/>\nPor su parte, Florentina, de Rinc\u00f3n, estudiante Higiene y Seguridad en el Trabajo, resalt\u00f3 que se enter\u00f3 de la propuesta \u201cporque tengo una amiga que hizo las residencias el a\u00f1o pasado y dijo que fue una experiencia \u00fanica, le gust\u00f3 much\u00edsimo y ac\u00e1 estamos, para iniciar nosotros la experiencia\u201d.<\/p>\n<p>Los espacios<br \/>\nLos 200 residentes realizar\u00e1n sus pr\u00e1cticas en los siguientes espacios y museos:<br \/>\n* Cayast\u00e1: Parque Arqueol\u00f3gico \u201cSanta Fe la Vieja\u201d.<br \/>\n* Puerto Gaboto: Parque Arqueol\u00f3gico del Fuerte Sancti Spiritus.<br \/>\n* Rinc\u00f3n: Sapukay \u2013 La Casa de Fernando Birri.<br \/>\n* Rosario: Museo Hist\u00f3rico Provincial \u201cDr. Julio Marc\u201d, Museo Provincial de Ciencias Naturales \u201cDr. \u00c1ngel Gallardo\u201d, Galpones 15 y 17, Plataforma Lavard\u00e9n, Museo del Deporte Santafesino y Casa Arij\u00f3n.<br \/>\n* Santa Fe: El Molino, La Redonda, La Esquina Encendida, El Alero Coronel Dorrego, El Alero Las Flores, El Alero Acer\u00eda, El Alero Yapey\u00fa, La Casa de la Cultura, La Josefa, Museo Provincial de Bellas Artes \u201cRosa Galisteo de Rodr\u00edguez\u201d, Museo Provincial de Ciencias Naturales \u201cFlorentino Ameghino\u201d, Museo Hist\u00f3rico Provincial \u201cBrigadier Gral. Estanislao L\u00f3pez\u201d y el Museo Etnogr\u00e1fico y Colonial \u201cJuan de Garay\u201d.<br \/>\n* Villa Gobernador G\u00e1lvez: El Alero \u201cNahuel Huapi\u201d y El Alero \u201cLa Esperanza\u201d.<\/p>\n","protected":false},"excerpt":{"rendered":"<p>\u201cTrabajamos para garantizar el acceso a la cultura de todos y las residencias son una herramienta para el disfrute de la cultura de los santafesinos\u201d, se\u00f1al\u00f3 la ministra de Cultura, Susana Rueda. Los j\u00f3venes de entre 18 y 25 a\u00f1os se formar\u00e1n durante 10 meses y contar\u00e1n con una asignaci\u00f3n econ\u00f3mica. El Gobierno de la [&hellip;]<\/p>\n","protected":false},"author":3,"featured_media":59103,"comment_status":"closed","ping_status":"closed","sticky":false,"template":"","format":"standard","meta":{"_joinchat":[],"footnotes":""},"categories":[60],"tags":[],"class_list":{"0":"post-59102","1":"post","2":"type-post","3":"status-publish","4":"format-standard","5":"has-post-thumbnail","7":"category-provinciales"},"_links":{"self":[{"href":"https:\/\/infovera.com.ar\/web\/wp-json\/wp\/v2\/posts\/59102","targetHints":{"allow":["GET"]}}],"collection":[{"href":"https:\/\/infovera.com.ar\/web\/wp-json\/wp\/v2\/posts"}],"about":[{"href":"https:\/\/infovera.com.ar\/web\/wp-json\/wp\/v2\/types\/post"}],"author":[{"embeddable":true,"href":"https:\/\/infovera.com.ar\/web\/wp-json\/wp\/v2\/users\/3"}],"replies":[{"embeddable":true,"href":"https:\/\/infovera.com.ar\/web\/wp-json\/wp\/v2\/comments?post=59102"}],"version-history":[{"count":0,"href":"https:\/\/infovera.com.ar\/web\/wp-json\/wp\/v2\/posts\/59102\/revisions"}],"wp:featuredmedia":[{"embeddable":true,"href":"https:\/\/infovera.com.ar\/web\/wp-json\/wp\/v2\/media\/59103"}],"wp:attachment":[{"href":"https:\/\/infovera.com.ar\/web\/wp-json\/wp\/v2\/media?parent=59102"}],"wp:term":[{"taxonomy":"category","embeddable":true,"href":"https:\/\/infovera.com.ar\/web\/wp-json\/wp\/v2\/categories?post=59102"},{"taxonomy":"post_tag","embeddable":true,"href":"https:\/\/infovera.com.ar\/web\/wp-json\/wp\/v2\/tags?post=59102"}],"curies":[{"name":"wp","href":"https:\/\/api.w.org\/{rel}","templated":true}]}}