{"id":59095,"date":"2025-02-18T10:08:41","date_gmt":"2025-02-18T13:08:41","guid":{"rendered":"https:\/\/infovera.com.ar\/web\/?p=59095"},"modified":"2025-02-18T10:08:41","modified_gmt":"2025-02-18T13:08:41","slug":"julio-lucero-dejo-de-ser-el-jefe-de-la-unidad-regional-ix-por-su-pase-a-retiro","status":"publish","type":"post","link":"https:\/\/infovera.com.ar\/web\/2025\/02\/18\/julio-lucero-dejo-de-ser-el-jefe-de-la-unidad-regional-ix-por-su-pase-a-retiro\/","title":{"rendered":"Julio Lucero dej\u00f3 de ser el jefe de la Unidad Regional IX por su pase a retiro"},"content":{"rendered":"<p>El director general de Polic\u00eda, Julio Lucero, cumpli\u00f3 su ciclo al frente de la departamental de General Obligado.<\/p>\n<p>Lucero inform\u00f3 en la jornada del lunes que dej\u00f3 de estar a cargo de la Unidad Regional IX a a ra\u00edz de haber tomado su licencia ordinaria como paso previo a su retiro.<\/p>\n<p>Por el momento, el director Diego Constanzo tom\u00f3 la riendas de la polic\u00eda de Obligado.<\/p>\n<p>Julio Lucero es el primer funcionario policial oriundo de Vera en haber alcanzado la m\u00e1xima jerarqu\u00eda en la fuerza.<\/p>\n","protected":false},"excerpt":{"rendered":"<p>El director general de Polic\u00eda, Julio Lucero, cumpli\u00f3 su ciclo al frente de la departamental de General Obligado. Lucero inform\u00f3 en la jornada del lunes que dej\u00f3 de estar a cargo de la Unidad Regional IX a a ra\u00edz de haber tomado su licencia ordinaria como paso previo a su retiro. Por el momento, el [&hellip;]<\/p>\n","protected":false},"author":3,"featured_media":59096,"comment_status":"closed","ping_status":"closed","sticky":false,"template":"","format":"standard","meta":{"_joinchat":[],"footnotes":""},"categories":[61],"tags":[],"class_list":{"0":"post-59095","1":"post","2":"type-post","3":"status-publish","4":"format-standard","5":"has-post-thumbnail","7":"category-regionales"},"_links":{"self":[{"href":"https:\/\/infovera.com.ar\/web\/wp-json\/wp\/v2\/posts\/59095","targetHints":{"allow":["GET"]}}],"collection":[{"href":"https:\/\/infovera.com.ar\/web\/wp-json\/wp\/v2\/posts"}],"about":[{"href":"https:\/\/infovera.com.ar\/web\/wp-json\/wp\/v2\/types\/post"}],"author":[{"embeddable":true,"href":"https:\/\/infovera.com.ar\/web\/wp-json\/wp\/v2\/users\/3"}],"replies":[{"embeddable":true,"href":"https:\/\/infovera.com.ar\/web\/wp-json\/wp\/v2\/comments?post=59095"}],"version-history":[{"count":0,"href":"https:\/\/infovera.com.ar\/web\/wp-json\/wp\/v2\/posts\/59095\/revisions"}],"wp:featuredmedia":[{"embeddable":true,"href":"https:\/\/infovera.com.ar\/web\/wp-json\/wp\/v2\/media\/59096"}],"wp:attachment":[{"href":"https:\/\/infovera.com.ar\/web\/wp-json\/wp\/v2\/media?parent=59095"}],"wp:term":[{"taxonomy":"category","embeddable":true,"href":"https:\/\/infovera.com.ar\/web\/wp-json\/wp\/v2\/categories?post=59095"},{"taxonomy":"post_tag","embeddable":true,"href":"https:\/\/infovera.com.ar\/web\/wp-json\/wp\/v2\/tags?post=59095"}],"curies":[{"name":"wp","href":"https:\/\/api.w.org\/{rel}","templated":true}]}}