{"id":59025,"date":"2025-02-14T10:07:50","date_gmt":"2025-02-14T13:07:50","guid":{"rendered":"https:\/\/infovera.com.ar\/web\/?p=59025"},"modified":"2025-02-14T10:07:50","modified_gmt":"2025-02-14T13:07:50","slug":"dos-camiones-que-iban-en-la-misma-direccion-chocaron-sobre-la-ruta-11","status":"publish","type":"post","link":"https:\/\/infovera.com.ar\/web\/2025\/02\/14\/dos-camiones-que-iban-en-la-misma-direccion-chocaron-sobre-la-ruta-11\/","title":{"rendered":"Dos camiones que iban en la misma direcci\u00f3n chocaron sobre la Ruta 11"},"content":{"rendered":"<p>A las 22 del mi\u00e9rcoles, se produjo un accidente vial a la altura del kil\u00f3metro 857 de la Ruta 11.<\/p>\n<p>En jurisdicci\u00f3n de El Sombrerito colisionaron de manera poco habitual dos camiones que iban en el mismo sentido, de norte a sur.<\/p>\n<p>Un Scania con acoplado, conducido por Jonatan Aguirre -de 33 a\u00f1os con domicilio en Avellaneda- y un Volkswagen 13, con batea, a cuyo volante iba Heriberto S\u00e1nchez -de 32 a\u00f1os, oriundo de Villafa\u00f1e, Formosa-.<\/p>\n<p>Como consecuencia del impacto se produjeron da\u00f1os materiales en los transportes, aunque no hubo lesionados.<\/p>\n<p>La ruta permaneci\u00f3 cortada hasta que efectivos policiales de Villa Ocampo, El Sombrerito y Arroyo Ceibal lograron despejar ambas manos.<\/p>\n","protected":false},"excerpt":{"rendered":"<p>A las 22 del mi\u00e9rcoles, se produjo un accidente vial a la altura del kil\u00f3metro 857 de la Ruta 11. En jurisdicci\u00f3n de El Sombrerito colisionaron de manera poco habitual dos camiones que iban en el mismo sentido, de norte a sur. Un Scania con acoplado, conducido por Jonatan Aguirre -de 33 a\u00f1os con domicilio [&hellip;]<\/p>\n","protected":false},"author":3,"featured_media":59026,"comment_status":"closed","ping_status":"closed","sticky":false,"template":"","format":"standard","meta":{"_joinchat":[],"footnotes":""},"categories":[30,61],"tags":[],"class_list":{"0":"post-59025","1":"post","2":"type-post","3":"status-publish","4":"format-standard","5":"has-post-thumbnail","7":"category-policiales","8":"category-regionales"},"_links":{"self":[{"href":"https:\/\/infovera.com.ar\/web\/wp-json\/wp\/v2\/posts\/59025","targetHints":{"allow":["GET"]}}],"collection":[{"href":"https:\/\/infovera.com.ar\/web\/wp-json\/wp\/v2\/posts"}],"about":[{"href":"https:\/\/infovera.com.ar\/web\/wp-json\/wp\/v2\/types\/post"}],"author":[{"embeddable":true,"href":"https:\/\/infovera.com.ar\/web\/wp-json\/wp\/v2\/users\/3"}],"replies":[{"embeddable":true,"href":"https:\/\/infovera.com.ar\/web\/wp-json\/wp\/v2\/comments?post=59025"}],"version-history":[{"count":0,"href":"https:\/\/infovera.com.ar\/web\/wp-json\/wp\/v2\/posts\/59025\/revisions"}],"wp:featuredmedia":[{"embeddable":true,"href":"https:\/\/infovera.com.ar\/web\/wp-json\/wp\/v2\/media\/59026"}],"wp:attachment":[{"href":"https:\/\/infovera.com.ar\/web\/wp-json\/wp\/v2\/media?parent=59025"}],"wp:term":[{"taxonomy":"category","embeddable":true,"href":"https:\/\/infovera.com.ar\/web\/wp-json\/wp\/v2\/categories?post=59025"},{"taxonomy":"post_tag","embeddable":true,"href":"https:\/\/infovera.com.ar\/web\/wp-json\/wp\/v2\/tags?post=59025"}],"curies":[{"name":"wp","href":"https:\/\/api.w.org\/{rel}","templated":true}]}}