{"id":59023,"date":"2025-02-14T09:46:57","date_gmt":"2025-02-14T12:46:57","guid":{"rendered":"https:\/\/infovera.com.ar\/web\/?p=59023"},"modified":"2025-02-14T21:05:15","modified_gmt":"2025-02-15T00:05:15","slug":"en-la-previa-de-la-noche-inaugural-del-carnaval-conoce-los-temas-que-presentara-cada-comparsa","status":"publish","type":"post","link":"https:\/\/infovera.com.ar\/web\/2025\/02\/14\/en-la-previa-de-la-noche-inaugural-del-carnaval-conoce-los-temas-que-presentara-cada-comparsa\/","title":{"rendered":"En la previa de la noche inaugural del Carnaval, conoc\u00e9 los temas que presentar\u00e1 cada comparsa"},"content":{"rendered":"<p>Ya se palpita la edici\u00f3n 2025 de &#8220;Vera, el Carnaval de Santa Fe&#8221;.<\/p>\n<p><strong>Ferrumb\u00e1 2025: La Legendaria del Futuro<\/strong><\/p>\n<p>En el a\u00f1o 2125, la humanidad ha conquistado el espacio, adapt\u00e1ndose a climas extremos y fusionando tradici\u00f3n con tecnolog\u00eda. Desde las profundidades sumergidas de la Tierra hasta las cumbres rob\u00f3ticas y los lujosos palacios de Venus, cada ser trae su esencia al carnaval.<\/p>\n<p>Este febrero, los habitantes del universo viajan a\u00f1os luz para celebrar en La Legendaria Ferrumb\u00e1. \u00a1El futuro es ahora y brilla en el cors\u00f3dromo!<\/p>\n<p><strong>Bambita 2025: Tierra de Faraones<\/strong><\/p>\n<p>El antiguo Egipto revive en el carnaval de Vera. Dioses, faraones y sacerdotes nos transportan al esplendor del Nilo, donde el oro brilla y la historia cobra vida.<\/p>\n<p>Este febrero, Bambita nos invita a una traves\u00eda de misterio, grandeza y tradici\u00f3n. \u00a1Que comience la gran aventura!<\/p>\n<p><strong>Unidos del Samba 2025: Leyenda del Picaflor<\/strong><\/p>\n<p>Este a\u00f1o, el carnaval se llena de magia y poes\u00eda con la hermosa Leyenda Guaran\u00ed del Picaflor. Un relato de amor eterno, fe y pasi\u00f3n que trasciende el tiempo.<\/p>\n<p>Pot\u00ed y Guainumb\u00fd vencen la separaci\u00f3n convirti\u00e9ndose en flor y picaflor, record\u00e1ndonos que el amor verdadero nunca muere. Unidos del Samba revive este mito en cada ritmo y cada brillo.<\/p>\n<p>\u00a1Volemos alto con el esp\u00edritu del picaflor y celebremos el amor eterno en el carnaval!<\/p>\n<p><strong>Paraver\u00e1 2025 \u2013 La magia del cine en el Carnaval<\/strong><\/p>\n<p>Este a\u00f1o, nos subimos a la gran pantalla para vivir un espect\u00e1culo inolvidable. Desde Titanic hasta El Mago de Oz, pasando por Parque Jur\u00e1sico y Chicago, traemos las historias que marcaron generaciones, transformando la avenida en un verdadero set de pel\u00edcula.<\/p>\n<p>Con brillo, pasi\u00f3n y mucha emoci\u00f3n, rendimos homenaje al cine y su poder de transportarnos a otros mundos. \u00a1Prep\u00e1rense para una funci\u00f3n llena de magia y carnaval!<\/p>\n<p><strong>Verasamba 2025 \u2013 Pasi\u00f3n gitana<\/strong><\/p>\n<p>Este a\u00f1o, dejamos que el ritmo de los tambores y la fuerza del pueblo gitano nos gu\u00eden en la avenida. Pasi\u00f3n, libertad y misticismo se mezclan en cada movimiento, cada brillo y cada nota de nuestra comparsa.<\/p>\n<p>Con el alma indomable y el fuego en la sangre, celebramos el esp\u00edritu gitano que nos invita a bailar, so\u00f1ar y vivir el carnaval con intensidad.<\/p>\n","protected":false},"excerpt":{"rendered":"<p>Ya se palpita la edici\u00f3n 2025 de &#8220;Vera, el Carnaval de Santa Fe&#8221;. Ferrumb\u00e1 2025: La Legendaria del Futuro En el a\u00f1o 2125, la humanidad ha conquistado el espacio, adapt\u00e1ndose a climas extremos y fusionando tradici\u00f3n con tecnolog\u00eda. Desde las profundidades sumergidas de la Tierra hasta las cumbres rob\u00f3ticas y los lujosos palacios de Venus, [&hellip;]<\/p>\n","protected":false},"author":3,"featured_media":49935,"comment_status":"closed","ping_status":"closed","sticky":false,"template":"","format":"standard","meta":{"_joinchat":[],"footnotes":""},"categories":[40,36,53],"tags":[],"class_list":{"0":"post-59023","1":"post","2":"type-post","3":"status-publish","4":"format-standard","5":"has-post-thumbnail","7":"category-cultura","8":"category-sociedad","9":"category-vera"},"_links":{"self":[{"href":"https:\/\/infovera.com.ar\/web\/wp-json\/wp\/v2\/posts\/59023","targetHints":{"allow":["GET"]}}],"collection":[{"href":"https:\/\/infovera.com.ar\/web\/wp-json\/wp\/v2\/posts"}],"about":[{"href":"https:\/\/infovera.com.ar\/web\/wp-json\/wp\/v2\/types\/post"}],"author":[{"embeddable":true,"href":"https:\/\/infovera.com.ar\/web\/wp-json\/wp\/v2\/users\/3"}],"replies":[{"embeddable":true,"href":"https:\/\/infovera.com.ar\/web\/wp-json\/wp\/v2\/comments?post=59023"}],"version-history":[{"count":0,"href":"https:\/\/infovera.com.ar\/web\/wp-json\/wp\/v2\/posts\/59023\/revisions"}],"wp:featuredmedia":[{"embeddable":true,"href":"https:\/\/infovera.com.ar\/web\/wp-json\/wp\/v2\/media\/49935"}],"wp:attachment":[{"href":"https:\/\/infovera.com.ar\/web\/wp-json\/wp\/v2\/media?parent=59023"}],"wp:term":[{"taxonomy":"category","embeddable":true,"href":"https:\/\/infovera.com.ar\/web\/wp-json\/wp\/v2\/categories?post=59023"},{"taxonomy":"post_tag","embeddable":true,"href":"https:\/\/infovera.com.ar\/web\/wp-json\/wp\/v2\/tags?post=59023"}],"curies":[{"name":"wp","href":"https:\/\/api.w.org\/{rel}","templated":true}]}}