{"id":59009,"date":"2025-02-13T09:43:06","date_gmt":"2025-02-13T12:43:06","guid":{"rendered":"https:\/\/infovera.com.ar\/web\/?p=59009"},"modified":"2025-02-14T09:48:26","modified_gmt":"2025-02-14T12:48:26","slug":"sortearan-entradas-y-una-moto-por-noche-en-el-carnaval-de-vera","status":"publish","type":"post","link":"https:\/\/infovera.com.ar\/web\/2025\/02\/13\/sortearan-entradas-y-una-moto-por-noche-en-el-carnaval-de-vera\/","title":{"rendered":"Sortear\u00e1n entradas y una moto por noche en el Carnaval de Vera"},"content":{"rendered":"<p>Los inform\u00f3 Fede Su\u00e1rez a <strong>InfoVera<\/strong>.<\/p>\n<p><a href=\"https:\/\/infovera.com.ar\/web\/wp-content\/uploads\/2025\/02\/cor3.jpg\"><img loading=\"lazy\" decoding=\"async\" class=\"alignleft size-full wp-image-59012\" src=\"https:\/\/infovera.com.ar\/web\/wp-content\/uploads\/2025\/02\/cor3.jpg\" alt=\"\" width=\"1600\" height=\"1600\" srcset=\"https:\/\/infovera.com.ar\/web\/wp-content\/uploads\/2025\/02\/cor3.jpg 1600w, https:\/\/infovera.com.ar\/web\/wp-content\/uploads\/2025\/02\/cor3-696x696.jpg 696w, https:\/\/infovera.com.ar\/web\/wp-content\/uploads\/2025\/02\/cor3-1068x1068.jpg 1068w, https:\/\/infovera.com.ar\/web\/wp-content\/uploads\/2025\/02\/cor3-420x420.jpg 420w\" sizes=\"auto, (max-width: 1600px) 100vw, 1600px\" \/><\/a><a href=\"https:\/\/infovera.com.ar\/web\/wp-content\/uploads\/2025\/02\/cor1.jpg\"><img loading=\"lazy\" decoding=\"async\" class=\"alignleft size-full wp-image-59010\" src=\"https:\/\/infovera.com.ar\/web\/wp-content\/uploads\/2025\/02\/cor1.jpg\" alt=\"\" width=\"1350\" height=\"1350\" srcset=\"https:\/\/infovera.com.ar\/web\/wp-content\/uploads\/2025\/02\/cor1.jpg 1350w, https:\/\/infovera.com.ar\/web\/wp-content\/uploads\/2025\/02\/cor1-696x696.jpg 696w, https:\/\/infovera.com.ar\/web\/wp-content\/uploads\/2025\/02\/cor1-1068x1068.jpg 1068w, https:\/\/infovera.com.ar\/web\/wp-content\/uploads\/2025\/02\/cor1-420x420.jpg 420w\" sizes=\"auto, (max-width: 1350px) 100vw, 1350px\" \/><\/a><\/p>\n<p>&nbsp;<\/p>\n","protected":false},"excerpt":{"rendered":"<p>Los inform\u00f3 Fede Su\u00e1rez a InfoVera. &nbsp;<\/p>\n","protected":false},"author":3,"featured_media":59011,"comment_status":"closed","ping_status":"closed","sticky":false,"template":"","format":"standard","meta":{"_joinchat":[],"footnotes":""},"categories":[40,36,53],"tags":[],"class_list":{"0":"post-59009","1":"post","2":"type-post","3":"status-publish","4":"format-standard","5":"has-post-thumbnail","7":"category-cultura","8":"category-sociedad","9":"category-vera"},"_links":{"self":[{"href":"https:\/\/infovera.com.ar\/web\/wp-json\/wp\/v2\/posts\/59009","targetHints":{"allow":["GET"]}}],"collection":[{"href":"https:\/\/infovera.com.ar\/web\/wp-json\/wp\/v2\/posts"}],"about":[{"href":"https:\/\/infovera.com.ar\/web\/wp-json\/wp\/v2\/types\/post"}],"author":[{"embeddable":true,"href":"https:\/\/infovera.com.ar\/web\/wp-json\/wp\/v2\/users\/3"}],"replies":[{"embeddable":true,"href":"https:\/\/infovera.com.ar\/web\/wp-json\/wp\/v2\/comments?post=59009"}],"version-history":[{"count":0,"href":"https:\/\/infovera.com.ar\/web\/wp-json\/wp\/v2\/posts\/59009\/revisions"}],"wp:featuredmedia":[{"embeddable":true,"href":"https:\/\/infovera.com.ar\/web\/wp-json\/wp\/v2\/media\/59011"}],"wp:attachment":[{"href":"https:\/\/infovera.com.ar\/web\/wp-json\/wp\/v2\/media?parent=59009"}],"wp:term":[{"taxonomy":"category","embeddable":true,"href":"https:\/\/infovera.com.ar\/web\/wp-json\/wp\/v2\/categories?post=59009"},{"taxonomy":"post_tag","embeddable":true,"href":"https:\/\/infovera.com.ar\/web\/wp-json\/wp\/v2\/tags?post=59009"}],"curies":[{"name":"wp","href":"https:\/\/api.w.org\/{rel}","templated":true}]}}