{"id":58975,"date":"2025-02-11T18:42:20","date_gmt":"2025-02-11T21:42:20","guid":{"rendered":"https:\/\/infovera.com.ar\/web\/?p=58975"},"modified":"2025-02-11T18:42:20","modified_gmt":"2025-02-11T21:42:20","slug":"lewandowski-con-nula-representacion-para-convencionales-departamentales-en-el-norte","status":"publish","type":"post","link":"https:\/\/infovera.com.ar\/web\/2025\/02\/11\/lewandowski-con-nula-representacion-para-convencionales-departamentales-en-el-norte\/","title":{"rendered":"Lewandowski, con nula representaci\u00f3n para convencionales departamentales en el norte"},"content":{"rendered":"<p>El senador nacional Marcelo Lewandowski decidi\u00f3 hacer la heroica e ir por afuera de PJ, a\u00fan a costo de rechazar los ofrecimientos de varios sectores del partido para encabezar la n\u00f3mina de precandidatos a convencionales constituyentes por Distrito \u00danico.<\/p>\n<p>Luego de decirle no a Cristina, a Rossi y a la conducci\u00f3n del peronismo provincial, el excomentarista deportivo arm\u00f3 rancho propio con el apoyo de algunos intendentes, peronistas de la capital provincial y Rosario, el socialista devenido en pol\u00edtico transversal Rub\u00e9n Giustiniani y algunos otros dirigentes no demasiado conocidos.<\/p>\n<p>La novedad es que lejos de apostar a una presencia fuerte el norte, se inclin\u00f3 por no armar lista de convencionales departamentales en Vera y San Javier, e inscribir a dos ilustres desconocidos en General Obligado -Juan D\u00edaz y Gisela Aguilar-.<\/p>\n<p>De esta manera, resign\u00f3 competir en esa categor\u00eda, quiz\u00e1s asesorado por caudillos peronistas que no quieren gastar p\u00f3lvora en chimango en distritos en lo que est\u00e1n lejos de tener anclaje pol\u00edtico verdadero, y eligieron ir cobijados en la lista \u00fanica para evitar cruzarse con senadores de cada departamento.<\/p>\n<p>Es obvio que esa estrategia no favorece las aspiraciones de Lewandowski en esta regi\u00f3n, pero deber\u00e1 entender que hay acuerdos entre el peronismo y el radicalismo -sobre todo en General Obligado- que preexisten a su candidatura.<\/p>\n","protected":false},"excerpt":{"rendered":"<p>El senador nacional Marcelo Lewandowski decidi\u00f3 hacer la heroica e ir por afuera de PJ, a\u00fan a costo de rechazar los ofrecimientos de varios sectores del partido para encabezar la n\u00f3mina de precandidatos a convencionales constituyentes por Distrito \u00danico. Luego de decirle no a Cristina, a Rossi y a la conducci\u00f3n del peronismo provincial, el [&hellip;]<\/p>\n","protected":false},"author":3,"featured_media":34899,"comment_status":"closed","ping_status":"closed","sticky":false,"template":"","format":"standard","meta":{"_joinchat":[],"footnotes":""},"categories":[66,60],"tags":[],"class_list":{"0":"post-58975","1":"post","2":"type-post","3":"status-publish","4":"format-standard","5":"has-post-thumbnail","7":"category-politica","8":"category-provinciales"},"_links":{"self":[{"href":"https:\/\/infovera.com.ar\/web\/wp-json\/wp\/v2\/posts\/58975","targetHints":{"allow":["GET"]}}],"collection":[{"href":"https:\/\/infovera.com.ar\/web\/wp-json\/wp\/v2\/posts"}],"about":[{"href":"https:\/\/infovera.com.ar\/web\/wp-json\/wp\/v2\/types\/post"}],"author":[{"embeddable":true,"href":"https:\/\/infovera.com.ar\/web\/wp-json\/wp\/v2\/users\/3"}],"replies":[{"embeddable":true,"href":"https:\/\/infovera.com.ar\/web\/wp-json\/wp\/v2\/comments?post=58975"}],"version-history":[{"count":0,"href":"https:\/\/infovera.com.ar\/web\/wp-json\/wp\/v2\/posts\/58975\/revisions"}],"wp:featuredmedia":[{"embeddable":true,"href":"https:\/\/infovera.com.ar\/web\/wp-json\/wp\/v2\/media\/34899"}],"wp:attachment":[{"href":"https:\/\/infovera.com.ar\/web\/wp-json\/wp\/v2\/media?parent=58975"}],"wp:term":[{"taxonomy":"category","embeddable":true,"href":"https:\/\/infovera.com.ar\/web\/wp-json\/wp\/v2\/categories?post=58975"},{"taxonomy":"post_tag","embeddable":true,"href":"https:\/\/infovera.com.ar\/web\/wp-json\/wp\/v2\/tags?post=58975"}],"curies":[{"name":"wp","href":"https:\/\/api.w.org\/{rel}","templated":true}]}}