{"id":58933,"date":"2025-02-09T19:02:24","date_gmt":"2025-02-09T22:02:24","guid":{"rendered":"https:\/\/infovera.com.ar\/web\/?p=58933"},"modified":"2025-02-09T19:02:24","modified_gmt":"2025-02-09T22:02:24","slug":"en-presumible-estado-de-ebriedad-cayo-a-una-zanja-con-su-pick-up-y-se-la-agarro-con-los-policias","status":"publish","type":"post","link":"https:\/\/infovera.com.ar\/web\/2025\/02\/09\/en-presumible-estado-de-ebriedad-cayo-a-una-zanja-con-su-pick-up-y-se-la-agarro-con-los-policias\/","title":{"rendered":"En presumible estado de ebriedad cay\u00f3 a una zanja con su pick up y se la agarr\u00f3 con los polic\u00edas"},"content":{"rendered":"<p>A las 21:30 del s\u00e1bado, agentes del Comando Radioel\u00e9ctrico siendo las 21;30 acudieron a la intersecci\u00f3n de calles Lisandro de la Torre y E. L\u00f3pez, en Vera, donde por<br \/>\ncausas que se tratan de establecer una Ford Ranger, de color violeta, hab\u00eda ca\u00eddo a una zanja.<\/p>\n<p>De acuerdo al relato policial, en la camioneta iban dos ocupantes, ambos mayores de edad, y el derrape se produjo debido a que el conductor perdi\u00f3 el control del veh\u00edculo.<\/p>\n<p>En el lugar se comision\u00f3 ambulancia del SIES, procediendo al traslado de uno de los ocupantes (hombre de 74 a\u00f1os, domiciliado en esta ciudad).<\/p>\n<p>La novedad fue que el conductor del veh\u00edculo -con posible estado de ebriedad-, entorpec\u00eda la labor policial motivo por el cual fue aprehendido e identificado, aunque desde la Unidad Regional XIX no informaron su nombre.<\/p>\n<p>Fue trasladado a la jefatura y examinado por m\u00e9dico en turno, quien extendi\u00f3 informe correspondiente; seguidamente fue alojado en la alcaid\u00eda.<\/p>\n","protected":false},"excerpt":{"rendered":"<p>A las 21:30 del s\u00e1bado, agentes del Comando Radioel\u00e9ctrico siendo las 21;30 acudieron a la intersecci\u00f3n de calles Lisandro de la Torre y E. L\u00f3pez, en Vera, donde por causas que se tratan de establecer una Ford Ranger, de color violeta, hab\u00eda ca\u00eddo a una zanja. De acuerdo al relato policial, en la camioneta iban [&hellip;]<\/p>\n","protected":false},"author":3,"featured_media":32342,"comment_status":"closed","ping_status":"closed","sticky":false,"template":"","format":"standard","meta":{"_joinchat":[],"footnotes":""},"categories":[30,53],"tags":[],"class_list":{"0":"post-58933","1":"post","2":"type-post","3":"status-publish","4":"format-standard","5":"has-post-thumbnail","7":"category-policiales","8":"category-vera"},"_links":{"self":[{"href":"https:\/\/infovera.com.ar\/web\/wp-json\/wp\/v2\/posts\/58933","targetHints":{"allow":["GET"]}}],"collection":[{"href":"https:\/\/infovera.com.ar\/web\/wp-json\/wp\/v2\/posts"}],"about":[{"href":"https:\/\/infovera.com.ar\/web\/wp-json\/wp\/v2\/types\/post"}],"author":[{"embeddable":true,"href":"https:\/\/infovera.com.ar\/web\/wp-json\/wp\/v2\/users\/3"}],"replies":[{"embeddable":true,"href":"https:\/\/infovera.com.ar\/web\/wp-json\/wp\/v2\/comments?post=58933"}],"version-history":[{"count":0,"href":"https:\/\/infovera.com.ar\/web\/wp-json\/wp\/v2\/posts\/58933\/revisions"}],"wp:featuredmedia":[{"embeddable":true,"href":"https:\/\/infovera.com.ar\/web\/wp-json\/wp\/v2\/media\/32342"}],"wp:attachment":[{"href":"https:\/\/infovera.com.ar\/web\/wp-json\/wp\/v2\/media?parent=58933"}],"wp:term":[{"taxonomy":"category","embeddable":true,"href":"https:\/\/infovera.com.ar\/web\/wp-json\/wp\/v2\/categories?post=58933"},{"taxonomy":"post_tag","embeddable":true,"href":"https:\/\/infovera.com.ar\/web\/wp-json\/wp\/v2\/tags?post=58933"}],"curies":[{"name":"wp","href":"https:\/\/api.w.org\/{rel}","templated":true}]}}