{"id":58861,"date":"2025-02-07T07:13:58","date_gmt":"2025-02-07T10:13:58","guid":{"rendered":"https:\/\/infovera.com.ar\/web\/?p=58861"},"modified":"2025-02-07T07:13:58","modified_gmt":"2025-02-07T10:13:58","slug":"paritaria-docente-provincia-y-gremios-se-reunieron-en-el-ministerio-de-trabajo","status":"publish","type":"post","link":"https:\/\/infovera.com.ar\/web\/2025\/02\/07\/paritaria-docente-provincia-y-gremios-se-reunieron-en-el-ministerio-de-trabajo\/","title":{"rendered":"Paritaria docente: Provincia y gremios se reunieron en el Ministerio de Trabajo"},"content":{"rendered":"<p>\u201cLo importante es que el inicio de clases no quede supeditado exclusivamente a la discusi\u00f3n salarial\u201d, sostuvo el ministro de Educaci\u00f3n, Jos\u00e9 Goity, tras el encuentro con los representantes gremiales. Acordaron continuar las negociaciones en 10 d\u00edas.<\/p>\n<p>El ministro de Educaci\u00f3n, Jos\u00e9 Goity, y de Trabajo, Empleo y Seguridad Social de la Provincia, Roald B\u00e1scolo encabezaron la primera reuni\u00f3n paritaria del a\u00f1o con los representantes del sector docente: Amsafe, Sadop, UDA y AMET que se desarroll\u00f3 en el Ministerio de Trabajo.<\/p>\n<p>&nbsp;<\/p>\n<p>Luego del encuentro, el ministro de Educaci\u00f3n, Jos\u00e9 Goity remarc\u00f3 que hay voluntad de llegar a un acuerdo con los gremios para poder comenzar las clases el pr\u00f3ximo 24 de febrero, y se\u00f1al\u00f3 que \u201cel inicio de clases no puede quedar supeditado exclusivamente a la discusi\u00f3n salarial\u201d, al tiempo que agreg\u00f3 que &#8220;todos tenemos la voluntad de acordar, pero luego hay que obrar en consecuencia con lo que decimos y hacemos. El conjunto de los santafesinos hace un esfuerzo importante por sostener el sistema educativo y seguiremos haci\u00e9ndolo. Mantener el poder adquisitivo de los salarios es un desaf\u00edo, lo sostuvimos el a\u00f1o pasado y este a\u00f1o mantendremos ese compromiso\u201d.<\/p>\n<p>&nbsp;<\/p>\n<p>Para el ministro de Educaci\u00f3n, \u201clo m\u00e1s importante es que los chicos comiencen las clases en tiempo y forma y para ello venimos trabajando desde el inicio del a\u00f1o para lograr acuerdos y encontrar puntos en com\u00fan que permitan que los alumnos est\u00e9n en las aulas incorporando aprendizajes\u201d.<\/p>\n<p>&nbsp;<\/p>\n<p>Las partes acordaron continuar con las conversaciones en 10 d\u00edas. Del encuentro de hoy participaron adem\u00e1s, por parte del Ministerio de Educaci\u00f3n, las secretarias Mar\u00eda Mart\u00edn, Carolina Piedrabuena y Daiana Gallo Ambrosis; por el Ministerio de Econom\u00eda, la secretaria y el director de Recursos Humanos y Funci\u00f3n P\u00fablica, Malena Azario y Diego Broda respectivamente; y por el Ministerio de Trabajo, la directora de Relaciones Laborales, Marisa Castro.<\/p>\n<p>En representaci\u00f3n de los docentes, por Amsafe estuvieron presentes Rodrigo Alonso, Susana Ludmer, Mar\u00eda Jos\u00e9 Marano, Paulo Juncos, Sergio Bruchini y Patricia Hern\u00e1ndez; por Sadop Santa Fe, Pedro Bayugar, Ricardo Vega y Cecilia De Santa Mar\u00eda; por Sadop Rosario, Mart\u00edn Lucero, Marcela Mateos y Micaela Ramos; por AMET, Ernesto Cepeda y Alejandro Celis; y por UDA, Daniel Dom\u00ednguez y Mariela Rossi.<\/p>\n","protected":false},"excerpt":{"rendered":"<p>\u201cLo importante es que el inicio de clases no quede supeditado exclusivamente a la discusi\u00f3n salarial\u201d, sostuvo el ministro de Educaci\u00f3n, Jos\u00e9 Goity, tras el encuentro con los representantes gremiales. Acordaron continuar las negociaciones en 10 d\u00edas. El ministro de Educaci\u00f3n, Jos\u00e9 Goity, y de Trabajo, Empleo y Seguridad Social de la Provincia, Roald B\u00e1scolo [&hellip;]<\/p>\n","protected":false},"author":3,"featured_media":58863,"comment_status":"closed","ping_status":"closed","sticky":false,"template":"","format":"standard","meta":{"_joinchat":[],"footnotes":""},"categories":[60],"tags":[],"class_list":{"0":"post-58861","1":"post","2":"type-post","3":"status-publish","4":"format-standard","5":"has-post-thumbnail","7":"category-provinciales"},"_links":{"self":[{"href":"https:\/\/infovera.com.ar\/web\/wp-json\/wp\/v2\/posts\/58861","targetHints":{"allow":["GET"]}}],"collection":[{"href":"https:\/\/infovera.com.ar\/web\/wp-json\/wp\/v2\/posts"}],"about":[{"href":"https:\/\/infovera.com.ar\/web\/wp-json\/wp\/v2\/types\/post"}],"author":[{"embeddable":true,"href":"https:\/\/infovera.com.ar\/web\/wp-json\/wp\/v2\/users\/3"}],"replies":[{"embeddable":true,"href":"https:\/\/infovera.com.ar\/web\/wp-json\/wp\/v2\/comments?post=58861"}],"version-history":[{"count":0,"href":"https:\/\/infovera.com.ar\/web\/wp-json\/wp\/v2\/posts\/58861\/revisions"}],"wp:featuredmedia":[{"embeddable":true,"href":"https:\/\/infovera.com.ar\/web\/wp-json\/wp\/v2\/media\/58863"}],"wp:attachment":[{"href":"https:\/\/infovera.com.ar\/web\/wp-json\/wp\/v2\/media?parent=58861"}],"wp:term":[{"taxonomy":"category","embeddable":true,"href":"https:\/\/infovera.com.ar\/web\/wp-json\/wp\/v2\/categories?post=58861"},{"taxonomy":"post_tag","embeddable":true,"href":"https:\/\/infovera.com.ar\/web\/wp-json\/wp\/v2\/tags?post=58861"}],"curies":[{"name":"wp","href":"https:\/\/api.w.org\/{rel}","templated":true}]}}