{"id":58837,"date":"2025-02-05T10:30:21","date_gmt":"2025-02-05T13:30:21","guid":{"rendered":"https:\/\/infovera.com.ar\/web\/?p=58837"},"modified":"2025-02-05T10:30:21","modified_gmt":"2025-02-05T13:30:21","slug":"avellaneda-baja-los-impuestos-para-acompanar-a-los-emprendedores","status":"publish","type":"post","link":"https:\/\/infovera.com.ar\/web\/2025\/02\/05\/avellaneda-baja-los-impuestos-para-acompanar-a-los-emprendedores\/","title":{"rendered":"Avellaneda baja los impuestos para acompa\u00f1ar a los emprendedores"},"content":{"rendered":"<p>La Municipalidad de Avellaneda anunci\u00f3 una serie de beneficios para los contribuyentes que se inscriban o ya est\u00e9n inscriptos en el Derecho de Registro e Inspecci\u00f3n (DREI), con el objetivo de apoyar el desarrollo de la actividad econ\u00f3mica local y fomentar el crecimiento de emprendedores y peque\u00f1os comercios.<\/p>\n<p>En el sistema de R\u00e9gimen Simplificado, los monotributistas que habiliten o se inscriban en el DREI tendr\u00e1n como beneficio los primeros 12 meses gratis; y para aquellos que est\u00e1n inscriptos el gobierno local decidi\u00f3 que paguen menos al bajar todas las categor\u00edas en Unidades Tributarias (UT). En tanto, el monotributista que elija abonar anualmente de ahorrar\u00e1 2 per\u00edodos, pagando de esta forma solo 10 cuotas en lugar de 12. El pago se realiza en febrero.<\/p>\n<p>Con respecto al R\u00e9gimen General, el municipio detall\u00f3 que si la actividad del emprendedor creci\u00f3 y debi\u00f3 pasar a este sistema, los primeros 6 meses ser\u00e1n sin costos. Y para aquellos responsables inscriptos que pagan el m\u00ednimo del r\u00e9gimen se reducen las Unidades Tributarias (UT).<\/p>\n<p>\u201cAcompa\u00f1amos a los emprendedores, comerciantes y productores en su crecimiento, como parte de nuestro compromiso para que puedan desarrollarse sin presi\u00f3n tributaria\u201d, destac\u00f3 el intendente Gonzalo Braidot acerca de esta disruptiva pol\u00edtica impositiva de su gesti\u00f3n, y asegur\u00f3 que \u201cestas medidas buscan impulsar la econom\u00eda local y facilitar el cumplimiento tributario de los contribuyentes\u201d.<\/p>\n<p><strong>Esfuerzo grande<\/strong><\/p>\n<p>Sobre estas novedades, el secretario de Hacienda, Cristian Quiroz, pormenoriz\u00f3 que &#8220;proponemos que, para aquellos emprendedores que reci\u00e9n empiezan, los primeros 12 meses sean gratis, no paguen Derecho de Registro e Inspecci\u00f3n y para los que ya est\u00e1n inscriptos, pagar\u00e1n menos porque bajamos todas las categor\u00edas\u201d.<\/p>\n<p>\u201cEn febrero est\u00e1 la posibilidad de hacer el pago anual donde se paga el equivalente a 10 cuotas y no 12 para todos los monotributistas de categor\u00edas A hasta la F. Para los grandes contribuyentes, la al\u00edcuota es de medio punto\u201d, refiri\u00f3 el contador.<\/p>\n<p>En esa l\u00ednea, explic\u00f3 que &#8220;si eras monotributista y pas\u00e1s a responsable inscripto, a partir de all\u00ed habr\u00e1 6 meses gratis porque la idea es acompa\u00f1ar el crecimiento de los emprendedores y no sea un obst\u00e1culo. Tambi\u00e9n bajamos el m\u00ednimo en el R\u00e9gimen General\u201d.<\/p>\n<p>Posteriormente, el titular de la cartera municipal de Hacienda asever\u00f3 que &#8220;hace mucho que no pasaba algo as\u00ed, es un esfuerzo muy grande que hace el municipio. Como las variables macroecon\u00f3micas se han acomodado, es el momento para despegar y es donde el municipio tiene que tener su rol acompa\u00f1ando al emprendedor\u201d.<\/p>\n<p>\u201cLa idea es apuntar fuertemente al crecimiento de Avellaneda y que podamos salir de ese 2024 tan dif\u00edcil que tuvimos. La primera mitad fue muy dura con una inflaci\u00f3n que fue disminuyendo y luego hemos terminado bien\u201d, analiz\u00f3, en di\u00e1logo con el programa radial V\u00eda Libre.<\/p>\n<p>\u201cTenemos 230 empleados, es un n\u00famero que hemos estado controlando y disminuyendo en los \u00faltimos a\u00f1os\u201d, concluy\u00f3.<\/p>\n<p>&nbsp;<\/p>\n","protected":false},"excerpt":{"rendered":"<p>La Municipalidad de Avellaneda anunci\u00f3 una serie de beneficios para los contribuyentes que se inscriban o ya est\u00e9n inscriptos en el Derecho de Registro e Inspecci\u00f3n (DREI), con el objetivo de apoyar el desarrollo de la actividad econ\u00f3mica local y fomentar el crecimiento de emprendedores y peque\u00f1os comercios. En el sistema de R\u00e9gimen Simplificado, los [&hellip;]<\/p>\n","protected":false},"author":3,"featured_media":58838,"comment_status":"closed","ping_status":"closed","sticky":false,"template":"","format":"standard","meta":{"_joinchat":[],"footnotes":""},"categories":[61],"tags":[],"class_list":{"0":"post-58837","1":"post","2":"type-post","3":"status-publish","4":"format-standard","5":"has-post-thumbnail","7":"category-regionales"},"_links":{"self":[{"href":"https:\/\/infovera.com.ar\/web\/wp-json\/wp\/v2\/posts\/58837","targetHints":{"allow":["GET"]}}],"collection":[{"href":"https:\/\/infovera.com.ar\/web\/wp-json\/wp\/v2\/posts"}],"about":[{"href":"https:\/\/infovera.com.ar\/web\/wp-json\/wp\/v2\/types\/post"}],"author":[{"embeddable":true,"href":"https:\/\/infovera.com.ar\/web\/wp-json\/wp\/v2\/users\/3"}],"replies":[{"embeddable":true,"href":"https:\/\/infovera.com.ar\/web\/wp-json\/wp\/v2\/comments?post=58837"}],"version-history":[{"count":0,"href":"https:\/\/infovera.com.ar\/web\/wp-json\/wp\/v2\/posts\/58837\/revisions"}],"wp:featuredmedia":[{"embeddable":true,"href":"https:\/\/infovera.com.ar\/web\/wp-json\/wp\/v2\/media\/58838"}],"wp:attachment":[{"href":"https:\/\/infovera.com.ar\/web\/wp-json\/wp\/v2\/media?parent=58837"}],"wp:term":[{"taxonomy":"category","embeddable":true,"href":"https:\/\/infovera.com.ar\/web\/wp-json\/wp\/v2\/categories?post=58837"},{"taxonomy":"post_tag","embeddable":true,"href":"https:\/\/infovera.com.ar\/web\/wp-json\/wp\/v2\/tags?post=58837"}],"curies":[{"name":"wp","href":"https:\/\/api.w.org\/{rel}","templated":true}]}}