{"id":58825,"date":"2025-02-05T08:22:12","date_gmt":"2025-02-05T11:22:12","guid":{"rendered":"https:\/\/infovera.com.ar\/web\/?p=58825"},"modified":"2025-02-06T09:56:07","modified_gmt":"2025-02-06T12:56:07","slug":"una-punalada-artera-en-el-pecho-le-produjo-la-muerte-a-nestor-sager","status":"publish","type":"post","link":"https:\/\/infovera.com.ar\/web\/2025\/02\/05\/una-punalada-artera-en-el-pecho-le-produjo-la-muerte-a-nestor-sager\/","title":{"rendered":"Una pu\u00f1alada artera en el pecho le produjo la muerte a N\u00e9stor Sager"},"content":{"rendered":"<p>En base a testimonios y fuentes del caso <strong>InfoVera<\/strong> pudo reconstruir la secuencia del crimen que conmocion\u00f3 a La Gallareta.<\/p>\n<p>Las actuaciones estuvieron a cargo de numerarios de la dependencia local de la polic\u00eda y de Los Pumas.<\/p>\n<p>En la comisar\u00eda de La Gallareta, cerca del mediod\u00eda, un llamado telef\u00f3nico de una mujer alert\u00f3 sobre el ataque fatal contra N\u00e9stor Ariel Sager, de 42 a\u00f1os.<\/p>\n<p>A esa hora del martes, la vecina dio cuenta Hern\u00e1n Aquino y Franco Aquino habr\u00edan herido a la v\u00edctima con un arma blanca, dej\u00e1ndolo tirado en una vereda del barrio Fonavi 1 de la localidad.<\/p>\n<p>La comisi\u00f3n policial que acudi\u00f3 al lugar encontr\u00f3 tendido en el piso y ya sin signos vitales a Sager, cuyo cuerpo inerme estaba cubierto con una manta, frente al domicilio de Hern\u00e1n Aquino.<\/p>\n<p>Un testigo presencial del hecho manifest\u00f3 que acompa\u00f1\u00f3 a Sager al domicilio de Hern\u00e1n Aquino, alias Huevo, donde fueron recibidos por Franco Aquino, que enseguida avis\u00f3 a su hermano Hern\u00e1n Aquino que lo buscaban.<\/p>\n<p>En ese momento, cuando Sager not\u00f3 que la presencia de Huevo, descendi\u00f3 de manera brusca de su veh\u00edculo, lo encar\u00f3 y arrincon\u00f3 sobre un tapial, a partir de lo cual comenz\u00f3 una encendida discusi\u00f3n.<\/p>\n<p>Fue entonces que Hern\u00e1n Aquino sac\u00f3 un cuchillo que llevaba en su cintura y con la parte del lomo se lo cruz\u00f3 en el cuello a Sager, mientras forcejeaban, hasta que logr\u00f3 escapar por un instante. Pero, quien resultar\u00eda asesinado volvi\u00f3 a agarrarlo para que no se alejara y en medio de esa escena Aquino perdi\u00f3 el cuchillo, que cay\u00f3 al piso.<\/p>\n<p>De manera repentina, Franco Aquino corri\u00f3 hacia donde hab\u00eda ca\u00eddo el arma blanca, la empu\u00f1\u00f3 y apu\u00f1al\u00f3 de forma artera y fatal a Sager a la altura del pecho.<\/p>\n<p>Consciente de su acci\u00f3n criminal, raudamente subi\u00f3 a la camioneta Ford Ranger de Sager, de color rojo, para darse a la fuga. Su hermano Hern\u00e1n tambi\u00e9n huy\u00f3 del sitio del crimen.<\/p>\n<p>De inmediato, los polic\u00edas lograron dar con el paradero de Hern\u00e1n Aquino y lo detuvieron. M\u00e1s tarde, Franco Aquino fue aprehendido en La Criolla donde choc\u00f3 contra una farola de iluminaci\u00f3n de la Ruta 11.<\/p>\n<p>La causa del ataque habr\u00eda sido un problema por un animal faenado a la v\u00edctima, a causa de lo cual se origin\u00f3 una discusi\u00f3n que termin\u00f3 de la peor manera.<\/p>\n<p>El fiscal Leandro Benegas qued\u00f3 a cargo de la investigaci\u00f3n; en la noche del martes aun no hab\u00eda recibido las actuaciones lo que implica que la audiencia imputativa por ahora no tenga fecha y horario definido.<\/p>\n","protected":false},"excerpt":{"rendered":"<p>En base a testimonios y fuentes del caso InfoVera pudo reconstruir la secuencia del crimen que conmocion\u00f3 a La Gallareta. Las actuaciones estuvieron a cargo de numerarios de la dependencia local de la polic\u00eda y de Los Pumas. En la comisar\u00eda de La Gallareta, cerca del mediod\u00eda, un llamado telef\u00f3nico de una mujer alert\u00f3 sobre [&hellip;]<\/p>\n","protected":false},"author":3,"featured_media":58826,"comment_status":"closed","ping_status":"closed","sticky":false,"template":"","format":"standard","meta":{"_joinchat":[],"footnotes":""},"categories":[51,30],"tags":[],"class_list":{"0":"post-58825","1":"post","2":"type-post","3":"status-publish","4":"format-standard","5":"has-post-thumbnail","7":"category-locales","8":"category-policiales"},"_links":{"self":[{"href":"https:\/\/infovera.com.ar\/web\/wp-json\/wp\/v2\/posts\/58825","targetHints":{"allow":["GET"]}}],"collection":[{"href":"https:\/\/infovera.com.ar\/web\/wp-json\/wp\/v2\/posts"}],"about":[{"href":"https:\/\/infovera.com.ar\/web\/wp-json\/wp\/v2\/types\/post"}],"author":[{"embeddable":true,"href":"https:\/\/infovera.com.ar\/web\/wp-json\/wp\/v2\/users\/3"}],"replies":[{"embeddable":true,"href":"https:\/\/infovera.com.ar\/web\/wp-json\/wp\/v2\/comments?post=58825"}],"version-history":[{"count":0,"href":"https:\/\/infovera.com.ar\/web\/wp-json\/wp\/v2\/posts\/58825\/revisions"}],"wp:featuredmedia":[{"embeddable":true,"href":"https:\/\/infovera.com.ar\/web\/wp-json\/wp\/v2\/media\/58826"}],"wp:attachment":[{"href":"https:\/\/infovera.com.ar\/web\/wp-json\/wp\/v2\/media?parent=58825"}],"wp:term":[{"taxonomy":"category","embeddable":true,"href":"https:\/\/infovera.com.ar\/web\/wp-json\/wp\/v2\/categories?post=58825"},{"taxonomy":"post_tag","embeddable":true,"href":"https:\/\/infovera.com.ar\/web\/wp-json\/wp\/v2\/tags?post=58825"}],"curies":[{"name":"wp","href":"https:\/\/api.w.org\/{rel}","templated":true}]}}