{"id":58742,"date":"2025-02-03T07:54:53","date_gmt":"2025-02-03T10:54:53","guid":{"rendered":"https:\/\/infovera.com.ar\/web\/?p=58742"},"modified":"2025-02-03T12:18:55","modified_gmt":"2025-02-03T15:18:55","slug":"febrero-comienza-con-fiestas-populares-y-carnavales-en-toda-la-provincia","status":"publish","type":"post","link":"https:\/\/infovera.com.ar\/web\/2025\/02\/03\/febrero-comienza-con-fiestas-populares-y-carnavales-en-toda-la-provincia\/","title":{"rendered":"Febrero comienza con fiestas populares y carnavales en toda la provincia"},"content":{"rendered":"<p>A trav\u00e9s de los ministerios de Cultura y Desarrollo Productivo, el gobierno provincial apoya estas celebraciones locales. \u201cFebrero es el protagonista absoluto en cantidad y calidad de eventos convocantes. Por eso invitamos a todos los santafesinos a conocer las propuestas\u201d, indic\u00f3 la secretaria de Turismo, Marcela Aeberhard.<\/p>\n<p>Durante el mes de febrero, en cada regi\u00f3n de la provincia de Santa Fe, se van a llevar a cabo m\u00faltiples fiestas populares y carnavales, que expresan la identidad y esencia santafesina y proponen disfrutar en familia y con amigas, de la gastronom\u00eda, la m\u00fasica y las costumbres de cada localidad; ya que se trata del mes con mayor agenda cultural.Al respecto, la secretaria de Turismo del gobierno provincial, Marcela Aeberhard, detall\u00f3 que \u201cel verano es nuestra temporada alta de festividades y febrero es el protagonista absoluto en cantidad y calidad de eventos convocantes. A las fiestas provinciales de esta \u00e9poca, le sumamos los carnavales, el gran cl\u00e1sico del per\u00edodo estival. Por eso, una vez m\u00e1s, invitamos a todos los santafesinos a conocer las propuestas de sus localidades y de sus localidades vecinas\u201d.<\/p>\n<p>A trav\u00e9s de los ministerios de Cultura y Desarrollo Productivo, el gobierno provincial apoya estas celebraciones locales que promueven intercambios, apropiaci\u00f3n del espacio p\u00fablico y realzan la identidad regional.<\/p>\n<p>Pr\u00f3ximas fiestas<\/p>\n<p>&gt;&gt; 31 de enero al 2 de febrero: Festival Faro, Parque Urquiza, Anfiteatro Municipal y Planetario, Rosario.<\/p>\n<p>&gt;&gt; 1\u00b0 de febrero: 12\u00b0 Fiesta Nacional de los Humedales Jaaukanig\u00e1s, ruta Nacional 11 y avenida San Mart\u00edn, Villa Ocampo.<\/p>\n<p>&gt;&gt; 1\u00b0 y 2 de febrero; Festival Cuenca del Carcara\u00f1\u00e1, plaza San Mart\u00edn, San Jos\u00e9 de la Esquina.<\/p>\n<p>&gt;&gt; 2 de febrero: Marat\u00f3n Aguas Abiertas Santa Fe &#8211; Coronda, Desde complejo Piedras Blancas (Santa Fe) hasta la avenida Costanera (Coronda).<\/p>\n<p>&gt;&gt; 2, 8 y 9 de febrero: Festival de la Diversidad Musical A Todo Pulm\u00f3n 2025, Santa Isabel.<\/p>\n<p>&gt;&gt; 7 al 9 de febrero: Fiesta de los Productores de Cerveza Artesanal y Gastronom\u00eda Regional, predio Ecol\u00f3gico 15 de Enero, El Tr\u00e9bol.<\/p>\n<p>&gt;&gt; 8, 15 y 22\u00a0 de febrero: Carnavales en Reconquista, Paseo del Bicentenario.<\/p>\n<p>&gt;&gt; 8, 15 y 22\u00a0 de febrero: Carnavales en Sastre.<\/p>\n<p>&gt;&gt; 8 de febrero: Aniversario Fundacional de Santa Isabel<\/p>\n<p>&gt;&gt; 8 de febrero: Fiesta del Asado a la Estaca, Club Defensores de la Costa, ruta Nacional 11 km 802 (Paraje El Timb\u00f3), Avellaneda.<\/p>\n<p>&gt;&gt; 8 de febrero: Fiesta del Moncholo del R\u00edo Salado, Colonia Angeloni.<\/p>\n<p>&gt;&gt; 8 de febrero: Acuatl\u00f3n, Costanera Este, Santa Fe.<\/p>\n<p>&gt;&gt; 8 de febrero: Fiesta Provincial de la Pizza, Club Atl\u00e9tico Correa, Correa.<\/p>\n<p>&gt;&gt; 8 de febrero: Festival del Girasol, Florencia.<\/p>\n<p>&gt;&gt; 8 de febrero: Fiesta de la Cerveza, plaza San Mart\u00edn, Santo Domingo.<\/p>\n<p>&gt;&gt; 8 de febrero: Carnavales de San Agust\u00edn, plaza San Mart\u00edn, San Agust\u00edn.<\/p>\n<p>&gt;&gt; 8 y 9 de febrero: Carnavales de Monte Vera, Cors\u00f3dromo, Monte Vera.<\/p>\n<p>&gt;&gt; 9 al 11 de febrero: Carnavales en Las Toscas.<\/p>\n<p>&gt;&gt; 13 al 16 de febrero: Festival de las Tres Lunas,\u00a0 Polideportivo V\u00edctor y Agulino Carbonari, Ca\u00f1ada de G\u00f3mez.<\/p>\n<p>&gt;&gt; 14 al 16 de febrero: Festival Gessler Folklore para todos, plaza San Mart\u00edn, Gessler.<\/p>\n<p>&gt;&gt; 15 de febrero: Fiesta Provincial del Asado a las Brasas, Club Atl\u00e9tico Tiro Federal, San Justo.<\/p>\n<p><strong>&gt;&gt; 15 de febrero: Carnavales en Vera.<\/strong><\/p>\n<p>&gt;&gt; 15 de febrero: Carnavales Ocampenses, Villa Ocampo.<\/p>\n<p>&gt;&gt; 21 y 22 de febrero: Fiesta Provincial de Culturas y Sabores del Mundo, plaza de Las Madres, G\u00e1lvez.<\/p>\n<p>&gt;&gt; 22 de febrero: Fiesta del Dulce de Leche, Club Miramar, Arroyo Aguiar.<\/p>\n<p>&gt;&gt; 22 de febrero: Fiesta Provincial del Bricelet, plaza P\u00fablica, Colonia Belgrano.<\/p>\n<p>&gt;&gt; 22 de febrero: Carnavales Regionales de Mar\u00eda Susana, Cors\u00f3dromo, Mar\u00eda Susana.<\/p>\n<p>&gt;&gt; 22 de febrero: Festival \u201cSanta Fe tiene tango\u201d, Centro Friulano, Santa Fe.<\/p>\n","protected":false},"excerpt":{"rendered":"<p>A trav\u00e9s de los ministerios de Cultura y Desarrollo Productivo, el gobierno provincial apoya estas celebraciones locales. \u201cFebrero es el protagonista absoluto en cantidad y calidad de eventos convocantes. Por eso invitamos a todos los santafesinos a conocer las propuestas\u201d, indic\u00f3 la secretaria de Turismo, Marcela Aeberhard. Durante el mes de febrero, en cada regi\u00f3n [&hellip;]<\/p>\n","protected":false},"author":3,"featured_media":58743,"comment_status":"closed","ping_status":"closed","sticky":false,"template":"","format":"standard","meta":{"_joinchat":[],"footnotes":""},"categories":[40,60,36],"tags":[],"class_list":{"0":"post-58742","1":"post","2":"type-post","3":"status-publish","4":"format-standard","5":"has-post-thumbnail","7":"category-cultura","8":"category-provinciales","9":"category-sociedad"},"_links":{"self":[{"href":"https:\/\/infovera.com.ar\/web\/wp-json\/wp\/v2\/posts\/58742","targetHints":{"allow":["GET"]}}],"collection":[{"href":"https:\/\/infovera.com.ar\/web\/wp-json\/wp\/v2\/posts"}],"about":[{"href":"https:\/\/infovera.com.ar\/web\/wp-json\/wp\/v2\/types\/post"}],"author":[{"embeddable":true,"href":"https:\/\/infovera.com.ar\/web\/wp-json\/wp\/v2\/users\/3"}],"replies":[{"embeddable":true,"href":"https:\/\/infovera.com.ar\/web\/wp-json\/wp\/v2\/comments?post=58742"}],"version-history":[{"count":0,"href":"https:\/\/infovera.com.ar\/web\/wp-json\/wp\/v2\/posts\/58742\/revisions"}],"wp:featuredmedia":[{"embeddable":true,"href":"https:\/\/infovera.com.ar\/web\/wp-json\/wp\/v2\/media\/58743"}],"wp:attachment":[{"href":"https:\/\/infovera.com.ar\/web\/wp-json\/wp\/v2\/media?parent=58742"}],"wp:term":[{"taxonomy":"category","embeddable":true,"href":"https:\/\/infovera.com.ar\/web\/wp-json\/wp\/v2\/categories?post=58742"},{"taxonomy":"post_tag","embeddable":true,"href":"https:\/\/infovera.com.ar\/web\/wp-json\/wp\/v2\/tags?post=58742"}],"curies":[{"name":"wp","href":"https:\/\/api.w.org\/{rel}","templated":true}]}}