{"id":58739,"date":"2025-02-01T13:20:06","date_gmt":"2025-02-01T16:20:06","guid":{"rendered":"https:\/\/infovera.com.ar\/web\/?p=58739"},"modified":"2025-02-01T13:20:06","modified_gmt":"2025-02-01T16:20:06","slug":"lla-con-candidatos-propios-y-unite-con-apoyo-de-peronistas-disidentes","status":"publish","type":"post","link":"https:\/\/infovera.com.ar\/web\/2025\/02\/01\/lla-con-candidatos-propios-y-unite-con-apoyo-de-peronistas-disidentes\/","title":{"rendered":"LLA con candidatos propios, y Unite con apoyo de peronistas disidentes"},"content":{"rendered":"<p>Este domingo, a las 24, vencer\u00e1 el plazo que tienen los partidos pol\u00edticos con reconocimiento legal para presentar el pedido de reconocimiento de alianzas electorales con miras al acto electoral del 13 de abril. Se elegir\u00e1n los 69 convencionales constituyentes pero tambi\u00e9n se realizar\u00e1n Primarias Abiertas, Simult\u00e1neas y Obligatorias para candidatos a intendentes, concejales y miembros comunales para los comicios del 29 de junio.<\/p>\n<p>La Libertad Avanza, en tanto, con candidatos propios pero sin alianza electoral alguna en la provincia en lo que ser\u00e1 la primera elecci\u00f3n provincial en la que participar\u00e1 el oficialismo nacional y que tendr\u00e1 como cabeza de listas al diputado nacional Nicol\u00e1s Mayoraz.<\/p>\n<p>Tambi\u00e9n Unite -expresi\u00f3n que tiene varios diputados provinciales liderados por Amalia Granata- tendr\u00e1 una alianza con Inspirar y otras expresiones pol\u00edticas provinciales. Esta fuerza sum\u00f3 en los \u00faltimos d\u00edas a dirigentes peronistas del Dpto. Vera<\/p>\n<p>En el otro lado del arco ideol\u00f3gico la izquierda anotar\u00e1 sus propias alianzas electorales buscando llegar a tener bancas en la convenci\u00f3n reformadora.<\/p>\n","protected":false},"excerpt":{"rendered":"<p>Este domingo, a las 24, vencer\u00e1 el plazo que tienen los partidos pol\u00edticos con reconocimiento legal para presentar el pedido de reconocimiento de alianzas electorales con miras al acto electoral del 13 de abril. Se elegir\u00e1n los 69 convencionales constituyentes pero tambi\u00e9n se realizar\u00e1n Primarias Abiertas, Simult\u00e1neas y Obligatorias para candidatos a intendentes, concejales y [&hellip;]<\/p>\n","protected":false},"author":3,"featured_media":58740,"comment_status":"closed","ping_status":"closed","sticky":false,"template":"","format":"standard","meta":{"_joinchat":[],"footnotes":""},"categories":[66,60],"tags":[],"class_list":{"0":"post-58739","1":"post","2":"type-post","3":"status-publish","4":"format-standard","5":"has-post-thumbnail","7":"category-politica","8":"category-provinciales"},"_links":{"self":[{"href":"https:\/\/infovera.com.ar\/web\/wp-json\/wp\/v2\/posts\/58739","targetHints":{"allow":["GET"]}}],"collection":[{"href":"https:\/\/infovera.com.ar\/web\/wp-json\/wp\/v2\/posts"}],"about":[{"href":"https:\/\/infovera.com.ar\/web\/wp-json\/wp\/v2\/types\/post"}],"author":[{"embeddable":true,"href":"https:\/\/infovera.com.ar\/web\/wp-json\/wp\/v2\/users\/3"}],"replies":[{"embeddable":true,"href":"https:\/\/infovera.com.ar\/web\/wp-json\/wp\/v2\/comments?post=58739"}],"version-history":[{"count":0,"href":"https:\/\/infovera.com.ar\/web\/wp-json\/wp\/v2\/posts\/58739\/revisions"}],"wp:featuredmedia":[{"embeddable":true,"href":"https:\/\/infovera.com.ar\/web\/wp-json\/wp\/v2\/media\/58740"}],"wp:attachment":[{"href":"https:\/\/infovera.com.ar\/web\/wp-json\/wp\/v2\/media?parent=58739"}],"wp:term":[{"taxonomy":"category","embeddable":true,"href":"https:\/\/infovera.com.ar\/web\/wp-json\/wp\/v2\/categories?post=58739"},{"taxonomy":"post_tag","embeddable":true,"href":"https:\/\/infovera.com.ar\/web\/wp-json\/wp\/v2\/tags?post=58739"}],"curies":[{"name":"wp","href":"https:\/\/api.w.org\/{rel}","templated":true}]}}