{"id":58703,"date":"2025-01-31T11:59:29","date_gmt":"2025-01-31T14:59:29","guid":{"rendered":"https:\/\/infovera.com.ar\/web\/?p=58703"},"modified":"2025-01-31T11:59:29","modified_gmt":"2025-01-31T14:59:29","slug":"la-unidad-regional-xix-reitero-alerta-por-estafas-virtuales","status":"publish","type":"post","link":"https:\/\/infovera.com.ar\/web\/2025\/01\/31\/la-unidad-regional-xix-reitero-alerta-por-estafas-virtuales\/","title":{"rendered":"La Unidad Regional XIX reiter\u00f3 alerta por estafas virtuales"},"content":{"rendered":"<p>A ra\u00edz de haberse tomado conocimiento sobre diversas modalidades de las denominadas<br \/>\nestafas telef\u00f3nicas y a trav\u00e9s de aplicaciones de redes sociales y\/o llamadas<br \/>\na tel\u00e9fonos fijos, la central policial recomend\u00f3 a la poblaci\u00f3n no brindar datos de ninguna \u00edndole, no transferir dinero y cortar inmediatamente la llamada dando aviso a la comisar\u00eda m\u00e1s cercana a los tel\u00e9fonos 101 y\/o 911.<\/p>\n<p>La alerta surge a ra\u00edz de casos detectados en los que desconocidos se comunican solicitando datos personales por supuestas compras virtuales en diferentes sitios de Internet, requiriendo adem\u00e1s de suma de dinero un CBU y\/o n\u00famero de cuenta bancaria, c\u00f3digo de acceso a aplicaciones, reenv\u00edo de c\u00f3digos recibidos, etc.<\/p>\n","protected":false},"excerpt":{"rendered":"<p>A ra\u00edz de haberse tomado conocimiento sobre diversas modalidades de las denominadas estafas telef\u00f3nicas y a trav\u00e9s de aplicaciones de redes sociales y\/o llamadas a tel\u00e9fonos fijos, la central policial recomend\u00f3 a la poblaci\u00f3n no brindar datos de ninguna \u00edndole, no transferir dinero y cortar inmediatamente la llamada dando aviso a la comisar\u00eda m\u00e1s cercana [&hellip;]<\/p>\n","protected":false},"author":3,"featured_media":58704,"comment_status":"closed","ping_status":"closed","sticky":false,"template":"","format":"standard","meta":{"_joinchat":[],"footnotes":""},"categories":[30,53],"tags":[],"class_list":{"0":"post-58703","1":"post","2":"type-post","3":"status-publish","4":"format-standard","5":"has-post-thumbnail","7":"category-policiales","8":"category-vera"},"_links":{"self":[{"href":"https:\/\/infovera.com.ar\/web\/wp-json\/wp\/v2\/posts\/58703","targetHints":{"allow":["GET"]}}],"collection":[{"href":"https:\/\/infovera.com.ar\/web\/wp-json\/wp\/v2\/posts"}],"about":[{"href":"https:\/\/infovera.com.ar\/web\/wp-json\/wp\/v2\/types\/post"}],"author":[{"embeddable":true,"href":"https:\/\/infovera.com.ar\/web\/wp-json\/wp\/v2\/users\/3"}],"replies":[{"embeddable":true,"href":"https:\/\/infovera.com.ar\/web\/wp-json\/wp\/v2\/comments?post=58703"}],"version-history":[{"count":0,"href":"https:\/\/infovera.com.ar\/web\/wp-json\/wp\/v2\/posts\/58703\/revisions"}],"wp:featuredmedia":[{"embeddable":true,"href":"https:\/\/infovera.com.ar\/web\/wp-json\/wp\/v2\/media\/58704"}],"wp:attachment":[{"href":"https:\/\/infovera.com.ar\/web\/wp-json\/wp\/v2\/media?parent=58703"}],"wp:term":[{"taxonomy":"category","embeddable":true,"href":"https:\/\/infovera.com.ar\/web\/wp-json\/wp\/v2\/categories?post=58703"},{"taxonomy":"post_tag","embeddable":true,"href":"https:\/\/infovera.com.ar\/web\/wp-json\/wp\/v2\/tags?post=58703"}],"curies":[{"name":"wp","href":"https:\/\/api.w.org\/{rel}","templated":true}]}}