{"id":58699,"date":"2025-01-31T11:51:06","date_gmt":"2025-01-31T14:51:06","guid":{"rendered":"https:\/\/infovera.com.ar\/web\/?p=58699"},"modified":"2025-01-31T11:52:50","modified_gmt":"2025-01-31T14:52:50","slug":"detuvieron-a-un-joven-con-dos-armas-de-fuego-varios-proyectiles-y-droga","status":"publish","type":"post","link":"https:\/\/infovera.com.ar\/web\/2025\/01\/31\/detuvieron-a-un-joven-con-dos-armas-de-fuego-varios-proyectiles-y-droga\/","title":{"rendered":"Detuvieron a un joven con tres armas de fuego, varios proyectiles y droga"},"content":{"rendered":"<p>Se trata de Josu\u00e9 El\u00edas G\u00f3mes, de 28 a\u00f1os.<\/p>\n<p>En las \u00faltimas horas, polic\u00edas de la provincial secuestraron 6 armas de fuego. Se tratan de una r\u00e9plica, un rifle de aire comprimido, una escopeta calibre 12, un rev\u00f3lver y dos pistolas. Las intervenciones tuvieron lugar en la jornada de ayer y las primeras horas del d\u00eda de hoy en las ciudades de Tostado, Rosario, Santa Fe y Las Toscas.<\/p>\n<p><strong>Tostado<\/strong><\/p>\n<p>Efectivos del Comando Radioel\u00e9ctrico de la UR XII patrullaban preventivamente por zona c\u00e9ntrica cuando fueron anoticiados de que un sujeto estar\u00eda insultando y apuntando a la gente con un arma.<\/p>\n<p>Por la premura del caso, los uniformados arribaron inmediatamente a las calles Belgrano y Balcarce donde observaron a un sujeto de similares caracter\u00edsticas a las recabadas, quien se encontraba aparentemente alterado y portando lo que ser\u00eda un arma de fuego. R\u00e1pidamente, los agentes controlaron la situaci\u00f3n y procedieron a la aprehensi\u00f3n, como as\u00ed tambi\u00e9n, le secuestraron una r\u00e9plica de arma de fuego y a posterior trasladaron las actuaciones de rigor a la Comisar\u00eda 1ra, previo comunicaci\u00f3n con el Fiscal de turno.<\/p>\n<p><strong>Rosario<\/strong><\/p>\n<p>Por su parte, funcionarios de la Unidad Operativa II de la Direcci\u00f3n General de Polic\u00eda de Acci\u00f3n T\u00e1ctica (Base Rosario) aprehendieron a dos sujetos de 26 y 51 a\u00f1os por un hecho de presunta amenaza y agresi\u00f3n. El hecho ocurri\u00f3 en Calle Salvat al 500, donde los numerarios al arribar al lugar identificaron a los involucrados y secuestraron un rifle de gas comprimido, tras la requisa personal. Luego fueron trasladados a la Comisar\u00eda 10ma por razones de jurisdicci\u00f3n y quedaron a disposici\u00f3n de la Justicia.<\/p>\n<p><strong>Santa Fe\u00a0<\/strong><\/p>\n<p>En tanto, efectivos de la misma direcci\u00f3n, pero de la Unidad Operativa I (Base Recreo) hicieron lo mismo en la ciudad capital, donde aprehendieron a un hombre de 47 a\u00f1os por un aparente hecho de amenazas calificadas y secuestraron una escopeta calibre 12. Cabe mencionar que, la intervenci\u00f3n tuvo lugar en calle Entre R\u00edos al 4500 luego de una comisi\u00f3n de la Central de Emergencias 911. Posteriormente, trasladaron las actuaciones a sede de la Comisar\u00eda 1era.<\/p>\n<p><strong>Las Toscas\u00a0<\/strong><\/p>\n<p>Finalmente, uniformados de la UR IX realizaban recorridas preventivas y al llegar a las calles 29, entre la 8 y la 10, procedieron a la identificaci\u00f3n de un joven de 28 a\u00f1os. Seguidamente, efectuaron una requisa personal e incautaron un rev\u00f3lver calibre 38, dos pistolas calibre 45, m\u00e1s de 20 proyectiles, un frasco conteniendo en su interior presunto material estupefaciente y dem\u00e1s elementos que se encontraban en el interior de una mochila. De esta manera, trasladaron al sujeto a la Comisar\u00eda 5ta y lo pusieron a disposici\u00f3n de los \u00f3rganos judiciales competentes.<\/p>\n","protected":false},"excerpt":{"rendered":"<p>Se trata de Josu\u00e9 El\u00edas G\u00f3mes, de 28 a\u00f1os. En las \u00faltimas horas, polic\u00edas de la provincial secuestraron 6 armas de fuego. Se tratan de una r\u00e9plica, un rifle de aire comprimido, una escopeta calibre 12, un rev\u00f3lver y dos pistolas. Las intervenciones tuvieron lugar en la jornada de ayer y las primeras horas del [&hellip;]<\/p>\n","protected":false},"author":3,"featured_media":58700,"comment_status":"closed","ping_status":"closed","sticky":false,"template":"","format":"standard","meta":{"_joinchat":[],"footnotes":""},"categories":[30,61],"tags":[],"class_list":{"0":"post-58699","1":"post","2":"type-post","3":"status-publish","4":"format-standard","5":"has-post-thumbnail","7":"category-policiales","8":"category-regionales"},"_links":{"self":[{"href":"https:\/\/infovera.com.ar\/web\/wp-json\/wp\/v2\/posts\/58699","targetHints":{"allow":["GET"]}}],"collection":[{"href":"https:\/\/infovera.com.ar\/web\/wp-json\/wp\/v2\/posts"}],"about":[{"href":"https:\/\/infovera.com.ar\/web\/wp-json\/wp\/v2\/types\/post"}],"author":[{"embeddable":true,"href":"https:\/\/infovera.com.ar\/web\/wp-json\/wp\/v2\/users\/3"}],"replies":[{"embeddable":true,"href":"https:\/\/infovera.com.ar\/web\/wp-json\/wp\/v2\/comments?post=58699"}],"version-history":[{"count":0,"href":"https:\/\/infovera.com.ar\/web\/wp-json\/wp\/v2\/posts\/58699\/revisions"}],"wp:featuredmedia":[{"embeddable":true,"href":"https:\/\/infovera.com.ar\/web\/wp-json\/wp\/v2\/media\/58700"}],"wp:attachment":[{"href":"https:\/\/infovera.com.ar\/web\/wp-json\/wp\/v2\/media?parent=58699"}],"wp:term":[{"taxonomy":"category","embeddable":true,"href":"https:\/\/infovera.com.ar\/web\/wp-json\/wp\/v2\/categories?post=58699"},{"taxonomy":"post_tag","embeddable":true,"href":"https:\/\/infovera.com.ar\/web\/wp-json\/wp\/v2\/tags?post=58699"}],"curies":[{"name":"wp","href":"https:\/\/api.w.org\/{rel}","templated":true}]}}