{"id":58671,"date":"2025-01-30T10:27:12","date_gmt":"2025-01-30T13:27:12","guid":{"rendered":"https:\/\/infovera.com.ar\/web\/?p=58671"},"modified":"2025-01-30T10:27:12","modified_gmt":"2025-01-30T13:27:12","slug":"claudio-bieler-en-ecuador","status":"publish","type":"post","link":"https:\/\/infovera.com.ar\/web\/2025\/01\/30\/claudio-bieler-en-ecuador\/","title":{"rendered":"Claudio Bieler en Ecuador"},"content":{"rendered":"<p>Invitados para la tradicional celebraci\u00f3n de los t\u00edtulos ganados, el \u00eddolo verense encabez\u00f3 la fila de los exjugadores que ingresaron por una pasarela y subieron hasta la tarima colocada en el centro de la cancha, en medio de la ovaci\u00f3n general desde todos los costados del estadio.<\/p>\n<p>La nota curiosa fue que todos salieron con una t\u00fanica negra y con el rostro cubierto con una m\u00e1scara.<\/p>\n<p>La legi\u00f3n extranjera estuvo comandada por Claudio \u2018Taka\u2019 Bieler (Argentina), Roberto \u2018Chorrillano\u2019 Palacios (Per\u00fa), Enrique \u2018Rambert\u2019 Vera (Paraguay), Carlos \u2018Paraguar\u00ed\u2019 Esp\u00ednola (Paraguay), Dami\u00e1n Manso (Argentina), Juan Manuel \u2018Pitu\u2019 Salgueiro (Uruguay) y \u00d3scar Zub\u00eda (Uruguay), seg\u00fan relata El Comercio.<\/p>\n<p>Fue una fiesta llena de emociones, con varias leyendas invitadas y un emotivo homenaje al Pat\u00f3n Bauza, el director t\u00e9cnico de aquella gesta.<\/p>\n<p>La noche se cerr\u00f3 con un\u00a0amistoso contra Alianza Lima que termin\u00f3 empatado 1 a 1.<\/p>\n<p>A su regreso a Vera, Claudio Bieler record\u00f3 los gratos momentos vividos durante los tres d\u00edas que permaneci\u00f3 en Ecuador donde fue recibido como un verdadero \u00eddolo y lo colmaron de atenciones.<\/p>\n<p>El reconocimiento a su participaci\u00f3n para las conquistas de la Copa Libertadores en el 2008, la Sudamericana y Recopa en el 2009, no solamente parti\u00f3 de los directivos del club, sino que la propia hinchada lo descubri\u00f3 mirando el partido y, con los recaudos del caso, fue invitado a mezclarse entre la barra y pararse en un para avalancha como un fan\u00e1tico m\u00e1s.<\/p>\n<p>Sin duda que, a pesar de seguir afincado en su ciudad natal, por m\u00faltiples razones Quito es su segundo hogar y donde se siente muy c\u00f3modo con el cari\u00f1o de la gente que la retribuye a cada paso lo que el \u201cTaka\u201d hizo a trav\u00e9s de f\u00fatbol por el deporte ecuatoriano, llevando a la Liga de Quito a su consagraci\u00f3n al m\u00e1s alto nivel mundial.<\/p>\n<p>Un jugador que, a pesar de sus 40 a\u00f1os, sigue con su jerarqu\u00eda intacta y su convocatoria est\u00e1 latente en los planes de quienes valoran su trayectoria.<\/p>\n<p>Claudio Bieler, adem\u00e1s, se destaca por su humildad y lo demuestra a diario con una recorrida por todo el departamento Vera exhibiendo los trofeos ganados para que todos, especialmente los chicos, puedan acercarse, tocarlos y hasta sacarse una foto con \u00e9l, \u201ccuando la \u00fanica forma era mirarlos de lejos o a trav\u00e9s de una vitrina\u201d, explic\u00f3.<\/p>\n<p>Adem\u00e1s de su calidad humana tambi\u00e9n mantiene firme sus sue\u00f1os que, a su tiempo, sigue cumpliendo dado que ya recibido de T\u00e9cnico se apresta a viajar a Kansas (EEUU), donde su presencia en el f\u00fatbol local tambi\u00e9n dej\u00f3 buena imagen, para continuar su capacitaci\u00f3n, por lo que el f\u00fatbol sigue estando en la mira de su futuro.<\/p>\n","protected":false},"excerpt":{"rendered":"<p>Invitados para la tradicional celebraci\u00f3n de los t\u00edtulos ganados, el \u00eddolo verense encabez\u00f3 la fila de los exjugadores que ingresaron por una pasarela y subieron hasta la tarima colocada en el centro de la cancha, en medio de la ovaci\u00f3n general desde todos los costados del estadio. La nota curiosa fue que todos salieron con [&hellip;]<\/p>\n","protected":false},"author":3,"featured_media":58672,"comment_status":"closed","ping_status":"closed","sticky":false,"template":"","format":"standard","meta":{"_joinchat":[],"footnotes":""},"categories":[31,35,51],"tags":[],"class_list":{"0":"post-58671","1":"post","2":"type-post","3":"status-publish","4":"format-standard","5":"has-post-thumbnail","7":"category-deportes","8":"category-futbol","9":"category-locales"},"_links":{"self":[{"href":"https:\/\/infovera.com.ar\/web\/wp-json\/wp\/v2\/posts\/58671","targetHints":{"allow":["GET"]}}],"collection":[{"href":"https:\/\/infovera.com.ar\/web\/wp-json\/wp\/v2\/posts"}],"about":[{"href":"https:\/\/infovera.com.ar\/web\/wp-json\/wp\/v2\/types\/post"}],"author":[{"embeddable":true,"href":"https:\/\/infovera.com.ar\/web\/wp-json\/wp\/v2\/users\/3"}],"replies":[{"embeddable":true,"href":"https:\/\/infovera.com.ar\/web\/wp-json\/wp\/v2\/comments?post=58671"}],"version-history":[{"count":0,"href":"https:\/\/infovera.com.ar\/web\/wp-json\/wp\/v2\/posts\/58671\/revisions"}],"wp:featuredmedia":[{"embeddable":true,"href":"https:\/\/infovera.com.ar\/web\/wp-json\/wp\/v2\/media\/58672"}],"wp:attachment":[{"href":"https:\/\/infovera.com.ar\/web\/wp-json\/wp\/v2\/media?parent=58671"}],"wp:term":[{"taxonomy":"category","embeddable":true,"href":"https:\/\/infovera.com.ar\/web\/wp-json\/wp\/v2\/categories?post=58671"},{"taxonomy":"post_tag","embeddable":true,"href":"https:\/\/infovera.com.ar\/web\/wp-json\/wp\/v2\/tags?post=58671"}],"curies":[{"name":"wp","href":"https:\/\/api.w.org\/{rel}","templated":true}]}}