{"id":58668,"date":"2025-01-30T10:25:01","date_gmt":"2025-01-30T13:25:01","guid":{"rendered":"https:\/\/infovera.com.ar\/web\/?p=58668"},"modified":"2025-01-30T18:20:36","modified_gmt":"2025-01-30T21:20:36","slug":"unidos-amplia-su-base-de-sustentacion","status":"publish","type":"post","link":"https:\/\/infovera.com.ar\/web\/2025\/01\/30\/unidos-amplia-su-base-de-sustentacion\/","title":{"rendered":"Unidos ampl\u00eda su base de sustentaci\u00f3n"},"content":{"rendered":"<p>Este mi\u00e9rcoles, representantes de los 10 partidos pol\u00edticos que integran Unidos Para Cambiar Santa Fe&#8221; mantuvieron un encuentro de cara al proceso electoral que se avecina en la provincia de Santa Fe.<\/p>\n<p>Luego de las deliberaciones sobre los distintos aspectos del cronograma electoral y la actualidad provincial se defini\u00f3 POR UNANIMIDAD lo siguiente:<\/p>\n<p>&#8211; Establecer el plazo del viernes 31 de enero, hasta las 12,30 hs. Para ratificar la adhesi\u00f3n formal al Frente Unidos Para Cambiar Santa Fe.<\/p>\n<p>&#8211; Aceptar la incorporaci\u00f3n de los partidos &#8220;Hacemos&#8221; y &#8220;Democracia Cristiana&#8221; como integrantes de &#8220;Unidos&#8221;.<\/p>\n<p>&#8211; Analizar nuevos pedidos de incorporaci\u00f3n de otros partidos, en los distintos niveles electorales.<\/p>\n","protected":false},"excerpt":{"rendered":"<p>Este mi\u00e9rcoles, representantes de los 10 partidos pol\u00edticos que integran Unidos Para Cambiar Santa Fe&#8221; mantuvieron un encuentro de cara al proceso electoral que se avecina en la provincia de Santa Fe. Luego de las deliberaciones sobre los distintos aspectos del cronograma electoral y la actualidad provincial se defini\u00f3 POR UNANIMIDAD lo siguiente: &#8211; Establecer [&hellip;]<\/p>\n","protected":false},"author":3,"featured_media":58669,"comment_status":"closed","ping_status":"closed","sticky":false,"template":"","format":"standard","meta":{"_joinchat":[],"footnotes":""},"categories":[66,60],"tags":[],"class_list":{"0":"post-58668","1":"post","2":"type-post","3":"status-publish","4":"format-standard","5":"has-post-thumbnail","7":"category-politica","8":"category-provinciales"},"_links":{"self":[{"href":"https:\/\/infovera.com.ar\/web\/wp-json\/wp\/v2\/posts\/58668","targetHints":{"allow":["GET"]}}],"collection":[{"href":"https:\/\/infovera.com.ar\/web\/wp-json\/wp\/v2\/posts"}],"about":[{"href":"https:\/\/infovera.com.ar\/web\/wp-json\/wp\/v2\/types\/post"}],"author":[{"embeddable":true,"href":"https:\/\/infovera.com.ar\/web\/wp-json\/wp\/v2\/users\/3"}],"replies":[{"embeddable":true,"href":"https:\/\/infovera.com.ar\/web\/wp-json\/wp\/v2\/comments?post=58668"}],"version-history":[{"count":0,"href":"https:\/\/infovera.com.ar\/web\/wp-json\/wp\/v2\/posts\/58668\/revisions"}],"wp:featuredmedia":[{"embeddable":true,"href":"https:\/\/infovera.com.ar\/web\/wp-json\/wp\/v2\/media\/58669"}],"wp:attachment":[{"href":"https:\/\/infovera.com.ar\/web\/wp-json\/wp\/v2\/media?parent=58668"}],"wp:term":[{"taxonomy":"category","embeddable":true,"href":"https:\/\/infovera.com.ar\/web\/wp-json\/wp\/v2\/categories?post=58668"},{"taxonomy":"post_tag","embeddable":true,"href":"https:\/\/infovera.com.ar\/web\/wp-json\/wp\/v2\/tags?post=58668"}],"curies":[{"name":"wp","href":"https:\/\/api.w.org\/{rel}","templated":true}]}}